{"id":9757,"date":"2018-05-02T13:55:50","date_gmt":"2018-05-02T11:55:50","guid":{"rendered":"https:\/\/cheznu.tv\/familymanagement\/?p=9757"},"modified":"2021-03-15T19:24:50","modified_gmt":"2021-03-15T18:24:50","slug":"kurturbeutel-naehen-fuer-herren-kulturtasche-waschtasche","status":"publish","type":"post","link":"https:\/\/cheznu.tv\/familymanagement\/kurturbeutel-naehen-fuer-herren-kulturtasche-waschtasche\/","title":{"rendered":"Kulturbeutel n\u00e4hen f\u00fcr Herren | Kulturtasche | Waschtasche"},"content":{"rendered":"<p><div class=\"fusion-fullwidth fullwidth-box fusion-builder-row-1 nonhundred-percent-fullwidth non-hundred-percent-height-scrolling\" style=\"--awb-background-position:left top;--awb-border-sizes-top:0px;--awb-border-sizes-bottom:0px;--awb-border-sizes-left:0px;--awb-border-sizes-right:0px;--awb-border-radius-top-left:0px;--awb-border-radius-top-right:0px;--awb-border-radius-bottom-right:0px;--awb-border-radius-bottom-left:0px;--awb-padding-top:20px;--awb-padding-bottom:20px;--awb-flex-wrap:wrap;\" ><div class=\"fusion-builder-row fusion-row\"><div class=\"fusion-layout-column fusion_builder_column fusion-builder-column-0 fusion_builder_column_1_1 1_1 fusion-one-full fusion-column-first fusion-column-last fusion-column-no-min-height\" style=\"--awb-bg-size:cover;--awb-margin-bottom:0px;\"><div class=\"fusion-column-wrapper fusion-flex-column-wrapper-legacy\"><div class=\"fusion-video fusion-youtube\" style=\"--awb-max-width:600px;--awb-max-height:350px;\" data-autoplay=\"1\"><div class=\"video-shortcode\"><div class=\"fluid-width-video-wrapper\" style=\"padding-top:58.33%;\" ><iframe title=\"YouTube video player 1\" src=\"https:\/\/www.youtube.com\/embed\/3bLLTc5t4uA?wmode=transparent&autoplay=0\" width=\"600\" height=\"350\" allowfullscreen allow=\"autoplay; clipboard-write; encrypted-media; gyroscope; picture-in-picture;\"><\/iframe><\/div><\/div><\/div><div class=\"fusion-clearfix\"><\/div><\/div><\/div><\/div><\/div><div class=\"fusion-fullwidth fullwidth-box fusion-builder-row-2 nonhundred-percent-fullwidth non-hundred-percent-height-scrolling\" style=\"--awb-background-position:left top;--awb-border-sizes-top:0px;--awb-border-sizes-bottom:0px;--awb-border-sizes-left:0px;--awb-border-sizes-right:0px;--awb-border-radius-top-left:0px;--awb-border-radius-top-right:0px;--awb-border-radius-bottom-right:0px;--awb-border-radius-bottom-left:0px;--awb-padding-top:20px;--awb-padding-bottom:20px;--awb-flex-wrap:wrap;\" ><div class=\"fusion-builder-row fusion-row\"><div class=\"fusion-layout-column fusion_builder_column fusion-builder-column-1 fusion_builder_column_1_1 1_1 fusion-one-full fusion-column-first fusion-column-last fusion-column-no-min-height\" style=\"--awb-bg-size:cover;--awb-margin-bottom:0px;\"><div class=\"fusion-column-wrapper fusion-flex-column-wrapper-legacy\"><div class=\"fusion-text fusion-text-1\"><p>Einen Kulturbeutel n\u00e4hen war meine Idee f\u00fcr ein Projekt f\u00fcr M\u00e4nner, das auch nicht sehr schwer ist.\u00a0 F\u00fcr M\u00e4nner n\u00e4hen ist gar nicht so leicht. Aber jetzt habe ich mein Projekt gefunden.<\/p>\n<p>Die Tasche ist wie eine Boxbag aufgebaut. Am Boden habe ich den Stoff geteilt, das macht das Einn\u00e4hen des Reissverschlusses sehr viel einfacher. Auf das Futter habe ich komplett verzichtet, daf\u00fcr wurden die N\u00e4hte mit einem Band vers\u00e4ubert.<\/p>\n<\/div><div class=\"fusion-button-wrapper\"><a class=\"fusion-button button-flat button-xlarge button-red fusion-button-red button-1 fusion-button-default-span fusion-button-default-type\" target=\"_self\" href=\"https:\/\/cheznu.tv\/familymanagement\/produkt\/kurturbeutel-brooklyn-fuer-maenner-schnittmuster-zum-audrucken\/\"><i class=\" fa fa-scissors awb-button__icon awb-button__icon--default button-icon-left\" aria-hidden=\"true\"><\/i><span class=\"fusion-button-text awb-button__text awb-button__text--default\">Schnittmuster<\/span><\/a><\/div><div class=\"fusion-image-element in-legacy-container\" style=\"--awb-caption-title-font-family:var(--h2_typography-font-family);--awb-caption-title-font-weight:var(--h2_typography-font-weight);--awb-caption-title-font-style:var(--h2_typography-font-style);--awb-caption-title-size:var(--h2_typography-font-size);--awb-caption-title-transform:var(--h2_typography-text-transform);--awb-caption-title-line-height:var(--h2_typography-line-height);--awb-caption-title-letter-spacing:var(--h2_typography-letter-spacing);\"><span class=\" fusion-imageframe imageframe-none imageframe-1 hover-type-none\"><img decoding=\"async\" width=\"800\" height=\"427\" alt=\"Kulturbeutel n\u00e4hen f\u00fcr M\u00e4nner - 1 Heften\" title=\"Kulturbeutel n\u00e4hen f\u00fcr M\u00e4nner &#8211; 1 Heften\" src=\"https:\/\/cheznu.tv\/familymanagement\/wp-content\/uploads\/2018\/05\/Kulturbeutel-n\u00e4hen-f\u00fcr-M\u00e4nner-1-Heften.png\" class=\"img-responsive wp-image-9759\" srcset=\"https:\/\/cheznu.tv\/familymanagement\/wp-content\/uploads\/2018\/05\/Kulturbeutel-n\u00e4hen-f\u00fcr-M\u00e4nner-1-Heften-200x107.png 200w, https:\/\/cheznu.tv\/familymanagement\/wp-content\/uploads\/2018\/05\/Kulturbeutel-n\u00e4hen-f\u00fcr-M\u00e4nner-1-Heften-400x214.png 400w, https:\/\/cheznu.tv\/familymanagement\/wp-content\/uploads\/2018\/05\/Kulturbeutel-n\u00e4hen-f\u00fcr-M\u00e4nner-1-Heften-600x320.png 600w, https:\/\/cheznu.tv\/familymanagement\/wp-content\/uploads\/2018\/05\/Kulturbeutel-n\u00e4hen-f\u00fcr-M\u00e4nner-1-Heften.png 800w\" sizes=\"(max-width: 800px) 100vw, 800px\" \/><\/span><\/div><div class=\"fusion-clearfix\"><\/div><\/div><\/div><\/div><\/div><div class=\"fusion-fullwidth fullwidth-box fusion-builder-row-3 nonhundred-percent-fullwidth non-hundred-percent-height-scrolling\" style=\"--awb-background-position:left top;--awb-border-sizes-top:0px;--awb-border-sizes-bottom:0px;--awb-border-sizes-left:0px;--awb-border-sizes-right:0px;--awb-border-radius-top-left:0px;--awb-border-radius-top-right:0px;--awb-border-radius-bottom-right:0px;--awb-border-radius-bottom-left:0px;--awb-padding-top:20px;--awb-padding-bottom:20px;--awb-flex-wrap:wrap;\" ><div class=\"fusion-builder-row fusion-row\"><div class=\"fusion-layout-column fusion_builder_column fusion-builder-column-2 fusion_builder_column_1_1 1_1 fusion-one-full fusion-column-first fusion-column-last fusion-column-no-min-height\" style=\"--awb-bg-size:cover;--awb-margin-bottom:0px;\"><div class=\"fusion-column-wrapper fusion-flex-column-wrapper-legacy\"><div class=\"fusion-text fusion-text-2\"><p>Grunds\u00e4tzlich musst Du wissen, dass n\u00e4hen mit Kunstleder einige T\u00fccken hat. Gelegentlich kann es vorkommen, dass der N\u00e4hmaschinen-Transport nicht richtig funktioniert. Bei diesem Projekt hatte ich damit allerdings keine Probleme, da ich immer auf der Stoffseite oder auf Stoffstreifen gen\u00e4ht habe.<\/p>\n<p>Und zum anderen musst Du daran denken, dass Nadeln in diesem Material L\u00f6cher hinterlassen. Du kannst in die Nahtzugabe oder die Stoffstreifen stechen. Bei jeder anderen Gelegenheit musst Du irgendwelche Klammern ben\u00fctzen. W\u00e4scheklammern oder B\u00fcroklammern funktionieren zu Not auch.<\/p>\n<\/div><div class=\"fusion-image-element in-legacy-container\" style=\"--awb-caption-title-font-family:var(--h2_typography-font-family);--awb-caption-title-font-weight:var(--h2_typography-font-weight);--awb-caption-title-font-style:var(--h2_typography-font-style);--awb-caption-title-size:var(--h2_typography-font-size);--awb-caption-title-transform:var(--h2_typography-text-transform);--awb-caption-title-line-height:var(--h2_typography-line-height);--awb-caption-title-letter-spacing:var(--h2_typography-letter-spacing);\"><span class=\" fusion-imageframe imageframe-none imageframe-2 hover-type-none\"><img decoding=\"async\" width=\"800\" height=\"458\" title=\"Kulturbeutel n\u00e4hen f\u00fcr M\u00e4nner &#8211; 2 Reissverschluss ann\u00e4hen\" src=\"https:\/\/cheznu.tv\/familymanagement\/wp-content\/uploads\/2018\/05\/Kulturbeutel-n\u00e4hen-f\u00fcr-M\u00e4nner-2-Reissverschluss-ann\u00e4hen.png\" alt class=\"img-responsive wp-image-9760\" srcset=\"https:\/\/cheznu.tv\/familymanagement\/wp-content\/uploads\/2018\/05\/Kulturbeutel-n\u00e4hen-f\u00fcr-M\u00e4nner-2-Reissverschluss-ann\u00e4hen-200x115.png 200w, https:\/\/cheznu.tv\/familymanagement\/wp-content\/uploads\/2018\/05\/Kulturbeutel-n\u00e4hen-f\u00fcr-M\u00e4nner-2-Reissverschluss-ann\u00e4hen-400x229.png 400w, https:\/\/cheznu.tv\/familymanagement\/wp-content\/uploads\/2018\/05\/Kulturbeutel-n\u00e4hen-f\u00fcr-M\u00e4nner-2-Reissverschluss-ann\u00e4hen-600x344.png 600w, https:\/\/cheznu.tv\/familymanagement\/wp-content\/uploads\/2018\/05\/Kulturbeutel-n\u00e4hen-f\u00fcr-M\u00e4nner-2-Reissverschluss-ann\u00e4hen.png 800w\" sizes=\"(max-width: 800px) 100vw, 800px\" \/><\/span><\/div><div class=\"fusion-clearfix\"><\/div><\/div><\/div><\/div><\/div><div class=\"fusion-fullwidth fullwidth-box fusion-builder-row-4 nonhundred-percent-fullwidth non-hundred-percent-height-scrolling\" style=\"--awb-background-position:left top;--awb-border-sizes-top:0px;--awb-border-sizes-bottom:0px;--awb-border-sizes-left:0px;--awb-border-sizes-right:0px;--awb-border-radius-top-left:0px;--awb-border-radius-top-right:0px;--awb-border-radius-bottom-right:0px;--awb-border-radius-bottom-left:0px;--awb-padding-top:20px;--awb-padding-bottom:20px;--awb-flex-wrap:wrap;\" ><div class=\"fusion-builder-row fusion-row\"><div class=\"fusion-layout-column fusion_builder_column fusion-builder-column-3 fusion_builder_column_1_1 1_1 fusion-one-full fusion-column-first fusion-column-last fusion-column-no-min-height\" style=\"--awb-bg-size:cover;--awb-margin-bottom:0px;\"><div class=\"fusion-column-wrapper fusion-flex-column-wrapper-legacy\"><div class=\"fusion-text fusion-text-3\"><\/div><div class=\"fusion-clearfix\"><\/div><\/div><\/div><\/div><\/div><div class=\"fusion-fullwidth fullwidth-box fusion-builder-row-5 nonhundred-percent-fullwidth non-hundred-percent-height-scrolling\" style=\"--awb-background-position:left top;--awb-border-sizes-top:0px;--awb-border-sizes-bottom:0px;--awb-border-sizes-left:0px;--awb-border-sizes-right:0px;--awb-border-radius-top-left:0px;--awb-border-radius-top-right:0px;--awb-border-radius-bottom-right:0px;--awb-border-radius-bottom-left:0px;--awb-padding-top:20px;--awb-padding-bottom:20px;--awb-flex-wrap:wrap;\" ><div class=\"fusion-builder-row fusion-row\"><div class=\"fusion-layout-column fusion_builder_column fusion-builder-column-4 fusion_builder_column_1_1 1_1 fusion-one-full fusion-column-first fusion-column-last fusion-column-no-min-height\" style=\"--awb-bg-size:cover;--awb-margin-bottom:0px;\"><div class=\"fusion-column-wrapper fusion-flex-column-wrapper-legacy\"><div class=\"fusion-text fusion-text-4\"><p>Die Kanten an der \u00d6ffnung wurden mit einem Band eingefasst. F\u00fcr die Vers\u00e4uberung der Innenkanten habe ich es auch ben\u00fctzt. Du kannst Schr\u00e4gband verwenden, aber ich habe meines nicht schr\u00e4g geschnitten sonder gerade mit dem Fadenlauf. Ich habe es aber genau wie ein Schr\u00e4gband geb\u00fcgelt.<\/p>\n<p>Nachdem ich das Band mit einer Naht fixiert hatte, wurde der Reissverschluss daran befestigt. Ich habe auf jeder Seite 2 sichtbare N\u00e4hte gemacht. Zum einen hat mir das gut gefallen, zum anderen war der Reissverschluss so gut befestigt.<\/p>\n<\/div><div class=\"fusion-image-element in-legacy-container\" style=\"--awb-caption-title-font-family:var(--h2_typography-font-family);--awb-caption-title-font-weight:var(--h2_typography-font-weight);--awb-caption-title-font-style:var(--h2_typography-font-style);--awb-caption-title-size:var(--h2_typography-font-size);--awb-caption-title-transform:var(--h2_typography-text-transform);--awb-caption-title-line-height:var(--h2_typography-line-height);--awb-caption-title-letter-spacing:var(--h2_typography-letter-spacing);\"><span class=\" fusion-imageframe imageframe-none imageframe-4 hover-type-none\"><img decoding=\"async\" width=\"800\" height=\"472\" alt=\"Kulturbeutel n\u00e4hen f\u00fcr M\u00e4nner - 3 untere Naht\" title=\"Kulturbeutel n\u00e4hen f\u00fcr M\u00e4nner &#8211; 3 untere Naht\" src=\"https:\/\/cheznu.tv\/familymanagement\/wp-content\/uploads\/2018\/05\/Kulturbeutel-n\u00e4hen-f\u00fcr-M\u00e4nner-3-untere-Naht.png\" class=\"img-responsive wp-image-9761\" srcset=\"https:\/\/cheznu.tv\/familymanagement\/wp-content\/uploads\/2018\/05\/Kulturbeutel-n\u00e4hen-f\u00fcr-M\u00e4nner-3-untere-Naht-200x118.png 200w, https:\/\/cheznu.tv\/familymanagement\/wp-content\/uploads\/2018\/05\/Kulturbeutel-n\u00e4hen-f\u00fcr-M\u00e4nner-3-untere-Naht-400x236.png 400w, https:\/\/cheznu.tv\/familymanagement\/wp-content\/uploads\/2018\/05\/Kulturbeutel-n\u00e4hen-f\u00fcr-M\u00e4nner-3-untere-Naht-600x354.png 600w, https:\/\/cheznu.tv\/familymanagement\/wp-content\/uploads\/2018\/05\/Kulturbeutel-n\u00e4hen-f\u00fcr-M\u00e4nner-3-untere-Naht.png 800w\" sizes=\"(max-width: 800px) 100vw, 800px\" \/><\/span><\/div><div class=\"fusion-clearfix\"><\/div><\/div><\/div><\/div><\/div><div class=\"fusion-fullwidth fullwidth-box fusion-builder-row-6 nonhundred-percent-fullwidth non-hundred-percent-height-scrolling\" style=\"--awb-background-position:left top;--awb-border-sizes-top:0px;--awb-border-sizes-bottom:0px;--awb-border-sizes-left:0px;--awb-border-sizes-right:0px;--awb-border-radius-top-left:0px;--awb-border-radius-top-right:0px;--awb-border-radius-bottom-right:0px;--awb-border-radius-bottom-left:0px;--awb-padding-top:20px;--awb-padding-bottom:20px;--awb-flex-wrap:wrap;\" ><div class=\"fusion-builder-row fusion-row\"><div class=\"fusion-layout-column fusion_builder_column fusion-builder-column-5 fusion_builder_column_1_1 1_1 fusion-one-full fusion-column-first fusion-column-last fusion-column-no-min-height\" style=\"--awb-bg-size:cover;--awb-margin-bottom:0px;\"><div class=\"fusion-column-wrapper fusion-flex-column-wrapper-legacy\"><div class=\"fusion-text fusion-text-5\"><p>Bevor Du den Boden zusammen n\u00e4hst, \u00fcberpr\u00fcfe die Breite. Der fertige Boden soll genau so breit sein wie die Reissverschluss-Seite. Je nachdem, was Du f\u00fcr einen Reissverschluss einn\u00e4hst musst du eventuell etwas mehr oder weniger Nahtzugabe ber\u00fccksichtigen.<\/p>\n<\/div><div class=\"fusion-image-element in-legacy-container\" style=\"--awb-caption-title-font-family:var(--h2_typography-font-family);--awb-caption-title-font-weight:var(--h2_typography-font-weight);--awb-caption-title-font-style:var(--h2_typography-font-style);--awb-caption-title-size:var(--h2_typography-font-size);--awb-caption-title-transform:var(--h2_typography-text-transform);--awb-caption-title-line-height:var(--h2_typography-line-height);--awb-caption-title-letter-spacing:var(--h2_typography-letter-spacing);\"><span class=\" fusion-imageframe imageframe-none imageframe-5 hover-type-none\"><img decoding=\"async\" width=\"800\" height=\"535\" alt=\"Kulturbeutel n\u00e4hen f\u00fcr M\u00e4nner - 4 vers\u00e4uberte Mittelnaht\" title=\"Kulturbeutel n\u00e4hen f\u00fcr M\u00e4nner &#8211; 4 vers\u00e4uberte Mittelnaht\" src=\"https:\/\/cheznu.tv\/familymanagement\/wp-content\/uploads\/2018\/05\/Kulturbeutel-n\u00e4hen-f\u00fcr-M\u00e4nner-4-vers\u00e4uberte-Mittelnaht.png\" class=\"img-responsive wp-image-9762\" srcset=\"https:\/\/cheznu.tv\/familymanagement\/wp-content\/uploads\/2018\/05\/Kulturbeutel-n\u00e4hen-f\u00fcr-M\u00e4nner-4-vers\u00e4uberte-Mittelnaht-200x134.png 200w, https:\/\/cheznu.tv\/familymanagement\/wp-content\/uploads\/2018\/05\/Kulturbeutel-n\u00e4hen-f\u00fcr-M\u00e4nner-4-vers\u00e4uberte-Mittelnaht-400x268.png 400w, https:\/\/cheznu.tv\/familymanagement\/wp-content\/uploads\/2018\/05\/Kulturbeutel-n\u00e4hen-f\u00fcr-M\u00e4nner-4-vers\u00e4uberte-Mittelnaht-600x401.png 600w, https:\/\/cheznu.tv\/familymanagement\/wp-content\/uploads\/2018\/05\/Kulturbeutel-n\u00e4hen-f\u00fcr-M\u00e4nner-4-vers\u00e4uberte-Mittelnaht.png 800w\" sizes=\"(max-width: 800px) 100vw, 800px\" \/><\/span><\/div><div class=\"fusion-clearfix\"><\/div><\/div><\/div><\/div><\/div><div class=\"fusion-fullwidth fullwidth-box fusion-builder-row-7 nonhundred-percent-fullwidth non-hundred-percent-height-scrolling\" style=\"--awb-background-position:left top;--awb-border-sizes-top:0px;--awb-border-sizes-bottom:0px;--awb-border-sizes-left:0px;--awb-border-sizes-right:0px;--awb-border-radius-top-left:0px;--awb-border-radius-top-right:0px;--awb-border-radius-bottom-right:0px;--awb-border-radius-bottom-left:0px;--awb-padding-top:20px;--awb-padding-bottom:20px;--awb-flex-wrap:wrap;\" ><div class=\"fusion-builder-row fusion-row\"><div class=\"fusion-layout-column fusion_builder_column fusion-builder-column-6 fusion_builder_column_1_1 1_1 fusion-one-full fusion-column-first fusion-column-last fusion-column-no-min-height\" style=\"--awb-bg-size:cover;--awb-margin-bottom:0px;\"><div class=\"fusion-column-wrapper fusion-flex-column-wrapper-legacy\"><div class=\"fusion-text fusion-text-6\"><p>Vers\u00e4ubere die und die folgenden N\u00e4hte immer gleich, bevor du den n\u00e4chsten Schritt machst.<\/p>\n<\/div><div class=\"fusion-image-element in-legacy-container\" style=\"--awb-caption-title-font-family:var(--h2_typography-font-family);--awb-caption-title-font-weight:var(--h2_typography-font-weight);--awb-caption-title-font-style:var(--h2_typography-font-style);--awb-caption-title-size:var(--h2_typography-font-size);--awb-caption-title-transform:var(--h2_typography-text-transform);--awb-caption-title-line-height:var(--h2_typography-line-height);--awb-caption-title-letter-spacing:var(--h2_typography-letter-spacing);\"><span class=\" fusion-imageframe imageframe-none imageframe-6 hover-type-none\"><img decoding=\"async\" width=\"800\" height=\"432\" alt=\"Kulturbeutel n\u00e4hen f\u00fcr M\u00e4nner - 5 Seitennaht\" title=\"Kulturbeutel n\u00e4hen f\u00fcr M\u00e4nner &#8211; 5 Seitennaht\" src=\"https:\/\/cheznu.tv\/familymanagement\/wp-content\/uploads\/2018\/05\/Kulturbeutel-n\u00e4hen-f\u00fcr-M\u00e4nner-5-Seitennaht.png\" class=\"img-responsive wp-image-9763\" srcset=\"https:\/\/cheznu.tv\/familymanagement\/wp-content\/uploads\/2018\/05\/Kulturbeutel-n\u00e4hen-f\u00fcr-M\u00e4nner-5-Seitennaht-200x108.png 200w, https:\/\/cheznu.tv\/familymanagement\/wp-content\/uploads\/2018\/05\/Kulturbeutel-n\u00e4hen-f\u00fcr-M\u00e4nner-5-Seitennaht-400x216.png 400w, https:\/\/cheznu.tv\/familymanagement\/wp-content\/uploads\/2018\/05\/Kulturbeutel-n\u00e4hen-f\u00fcr-M\u00e4nner-5-Seitennaht-600x324.png 600w, https:\/\/cheznu.tv\/familymanagement\/wp-content\/uploads\/2018\/05\/Kulturbeutel-n\u00e4hen-f\u00fcr-M\u00e4nner-5-Seitennaht.png 800w\" sizes=\"(max-width: 800px) 100vw, 800px\" \/><\/span><\/div><div class=\"fusion-clearfix\"><\/div><\/div><\/div><\/div><\/div><div class=\"fusion-fullwidth fullwidth-box fusion-builder-row-8 nonhundred-percent-fullwidth non-hundred-percent-height-scrolling\" style=\"--awb-background-position:left top;--awb-border-sizes-top:0px;--awb-border-sizes-bottom:0px;--awb-border-sizes-left:0px;--awb-border-sizes-right:0px;--awb-border-radius-top-left:0px;--awb-border-radius-top-right:0px;--awb-border-radius-bottom-right:0px;--awb-border-radius-bottom-left:0px;--awb-padding-top:20px;--awb-padding-bottom:20px;--awb-flex-wrap:wrap;\" ><div class=\"fusion-builder-row fusion-row\"><div class=\"fusion-layout-column fusion_builder_column fusion-builder-column-7 fusion_builder_column_1_1 1_1 fusion-one-full fusion-column-first fusion-column-last fusion-column-no-min-height\" style=\"--awb-bg-size:cover;--awb-margin-bottom:0px;\"><div class=\"fusion-column-wrapper fusion-flex-column-wrapper-legacy\"><div class=\"fusion-text fusion-text-7\"><p>Bei der Seitennaht, n\u00e4he mittig auf jeder Seite einen kleinen Lederstreifen mit, Das macht das \u00d6ffnen des Reissverschluss einfacher.<\/p>\n<\/div><div class=\"fusion-image-element in-legacy-container\" style=\"--awb-caption-title-font-family:var(--h2_typography-font-family);--awb-caption-title-font-weight:var(--h2_typography-font-weight);--awb-caption-title-font-style:var(--h2_typography-font-style);--awb-caption-title-size:var(--h2_typography-font-size);--awb-caption-title-transform:var(--h2_typography-text-transform);--awb-caption-title-line-height:var(--h2_typography-line-height);--awb-caption-title-letter-spacing:var(--h2_typography-letter-spacing);\"><span class=\" fusion-imageframe imageframe-none imageframe-7 hover-type-none\"><img decoding=\"async\" width=\"800\" height=\"501\" alt=\"Kulturbeutel n\u00e4hen f\u00fcr M\u00e4nner - 6 Ecken schliessen\" title=\"Kulturbeutel n\u00e4hen f\u00fcr M\u00e4nner &#8211; 6 Ecken schliessen\" src=\"https:\/\/cheznu.tv\/familymanagement\/wp-content\/uploads\/2018\/05\/Kulturbeutel-n\u00e4hen-f\u00fcr-M\u00e4nner-6-Ecken-schliessen.png\" class=\"img-responsive wp-image-9764\" srcset=\"https:\/\/cheznu.tv\/familymanagement\/wp-content\/uploads\/2018\/05\/Kulturbeutel-n\u00e4hen-f\u00fcr-M\u00e4nner-6-Ecken-schliessen-200x125.png 200w, https:\/\/cheznu.tv\/familymanagement\/wp-content\/uploads\/2018\/05\/Kulturbeutel-n\u00e4hen-f\u00fcr-M\u00e4nner-6-Ecken-schliessen-400x251.png 400w, https:\/\/cheznu.tv\/familymanagement\/wp-content\/uploads\/2018\/05\/Kulturbeutel-n\u00e4hen-f\u00fcr-M\u00e4nner-6-Ecken-schliessen-600x376.png 600w, https:\/\/cheznu.tv\/familymanagement\/wp-content\/uploads\/2018\/05\/Kulturbeutel-n\u00e4hen-f\u00fcr-M\u00e4nner-6-Ecken-schliessen.png 800w\" sizes=\"(max-width: 800px) 100vw, 800px\" \/><\/span><\/div><div class=\"fusion-clearfix\"><\/div><\/div><\/div><\/div><\/div><div class=\"fusion-fullwidth fullwidth-box fusion-builder-row-9 nonhundred-percent-fullwidth non-hundred-percent-height-scrolling\" style=\"--awb-background-position:left top;--awb-border-sizes-top:0px;--awb-border-sizes-bottom:0px;--awb-border-sizes-left:0px;--awb-border-sizes-right:0px;--awb-border-radius-top-left:0px;--awb-border-radius-top-right:0px;--awb-border-radius-bottom-right:0px;--awb-border-radius-bottom-left:0px;--awb-padding-top:20px;--awb-padding-bottom:20px;--awb-flex-wrap:wrap;\" ><div class=\"fusion-builder-row fusion-row\"><div class=\"fusion-layout-column fusion_builder_column fusion-builder-column-8 fusion_builder_column_1_1 1_1 fusion-one-full fusion-column-first fusion-column-last fusion-column-no-min-height\" style=\"--awb-bg-size:cover;--awb-margin-bottom:0px;\"><div class=\"fusion-column-wrapper fusion-flex-column-wrapper-legacy\"><div class=\"fusion-text fusion-text-8\"><p>Wenn Du die Ecken schliesst, achte darauf, dass die vorangegangene Naht nach unten zeigt.<\/p>\n<\/div><div class=\"fusion-image-element in-legacy-container\" style=\"--awb-caption-title-font-family:var(--h2_typography-font-family);--awb-caption-title-font-weight:var(--h2_typography-font-weight);--awb-caption-title-font-style:var(--h2_typography-font-style);--awb-caption-title-size:var(--h2_typography-font-size);--awb-caption-title-transform:var(--h2_typography-text-transform);--awb-caption-title-line-height:var(--h2_typography-line-height);--awb-caption-title-letter-spacing:var(--h2_typography-letter-spacing);\"><span class=\" fusion-imageframe imageframe-none imageframe-8 hover-type-none\"><img decoding=\"async\" width=\"800\" height=\"442\" alt=\"Kulturbeutel n\u00e4hen f\u00fcr M\u00e4nner - 7 Band vers\u00e4ubern\" title=\"Kulturbeutel n\u00e4hen f\u00fcr M\u00e4nner &#8211; 7 Band vers\u00e4ubern\" src=\"https:\/\/cheznu.tv\/familymanagement\/wp-content\/uploads\/2018\/05\/Kulturbeutel-n\u00e4hen-f\u00fcr-M\u00e4nner-7-Band-vers\u00e4ubern.png\" class=\"img-responsive wp-image-9765\" srcset=\"https:\/\/cheznu.tv\/familymanagement\/wp-content\/uploads\/2018\/05\/Kulturbeutel-n\u00e4hen-f\u00fcr-M\u00e4nner-7-Band-vers\u00e4ubern-200x111.png 200w, https:\/\/cheznu.tv\/familymanagement\/wp-content\/uploads\/2018\/05\/Kulturbeutel-n\u00e4hen-f\u00fcr-M\u00e4nner-7-Band-vers\u00e4ubern-400x221.png 400w, https:\/\/cheznu.tv\/familymanagement\/wp-content\/uploads\/2018\/05\/Kulturbeutel-n\u00e4hen-f\u00fcr-M\u00e4nner-7-Band-vers\u00e4ubern-600x332.png 600w, https:\/\/cheznu.tv\/familymanagement\/wp-content\/uploads\/2018\/05\/Kulturbeutel-n\u00e4hen-f\u00fcr-M\u00e4nner-7-Band-vers\u00e4ubern.png 800w\" sizes=\"(max-width: 800px) 100vw, 800px\" \/><\/span><\/div><div class=\"fusion-clearfix\"><\/div><\/div><\/div><\/div><\/div><div class=\"fusion-fullwidth fullwidth-box fusion-builder-row-10 nonhundred-percent-fullwidth non-hundred-percent-height-scrolling\" style=\"--awb-background-position:left top;--awb-border-sizes-top:0px;--awb-border-sizes-bottom:0px;--awb-border-sizes-left:0px;--awb-border-sizes-right:0px;--awb-border-radius-top-left:0px;--awb-border-radius-top-right:0px;--awb-border-radius-bottom-right:0px;--awb-border-radius-bottom-left:0px;--awb-padding-top:20px;--awb-padding-bottom:20px;--awb-flex-wrap:wrap;\" ><div class=\"fusion-builder-row fusion-row\"><div class=\"fusion-layout-column fusion_builder_column fusion-builder-column-9 fusion_builder_column_1_1 1_1 fusion-one-full fusion-column-first fusion-column-last fusion-column-no-min-height\" style=\"--awb-bg-size:cover;--awb-margin-bottom:0px;\"><div class=\"fusion-column-wrapper fusion-flex-column-wrapper-legacy\"><div class=\"fusion-text fusion-text-9\"><p>Bein Vers\u00e4ubern der 4 Eckn\u00e4hte muss das Band an den Enden eingeschlagen werden.<\/p>\n<p>Viel Spass bei Deinem \"M\u00e4nner-Projekt\"!<\/p>\n<\/div><div class=\"fusion-clearfix\"><\/div><\/div><\/div><\/div><\/div><div class=\"fusion-fullwidth fullwidth-box fusion-builder-row-11 nonhundred-percent-fullwidth non-hundred-percent-height-scrolling\" style=\"--awb-background-position:left top;--awb-border-sizes-top:0px;--awb-border-sizes-bottom:0px;--awb-border-sizes-left:0px;--awb-border-sizes-right:0px;--awb-border-radius-top-left:0px;--awb-border-radius-top-right:0px;--awb-border-radius-bottom-right:0px;--awb-border-radius-bottom-left:0px;--awb-padding-top:20px;--awb-padding-bottom:20px;--awb-flex-wrap:wrap;\" ><div class=\"fusion-builder-row fusion-row\"><div class=\"fusion-layout-column fusion_builder_column fusion-builder-column-10 fusion_builder_column_1_1 1_1 fusion-one-full fusion-column-first fusion-column-last fusion-column-no-min-height\" style=\"--awb-bg-size:cover;--awb-margin-bottom:0px;\"><div class=\"fusion-column-wrapper fusion-flex-column-wrapper-legacy\"><div class=\"fusion-image-element in-legacy-container\" style=\"--awb-caption-title-font-family:var(--h2_typography-font-family);--awb-caption-title-font-weight:var(--h2_typography-font-weight);--awb-caption-title-font-style:var(--h2_typography-font-style);--awb-caption-title-size:var(--h2_typography-font-size);--awb-caption-title-transform:var(--h2_typography-text-transform);--awb-caption-title-line-height:var(--h2_typography-line-height);--awb-caption-title-letter-spacing:var(--h2_typography-letter-spacing);\"><span class=\" fusion-imageframe imageframe-none imageframe-9 hover-type-none\"><a class=\"fusion-no-lightbox\" href=\"https:\/\/cheznu.tv\/familymanagement\/saison\" target=\"_self\" aria-label=\"n\u00e4hen f\u00fcr die aktuelle Saison\"><img decoding=\"async\" width=\"300\" height=\"158\" alt=\"n\u00e4hen f\u00fcr die aktuelle Saison\" src=\"https:\/\/cheznu.tv\/familymanagement\/wp-content\/uploads\/2018\/03\/Aktuelle-Saison-300x158.png\" class=\"img-responsive wp-image-9278\" srcset=\"https:\/\/cheznu.tv\/familymanagement\/wp-content\/uploads\/2018\/03\/Aktuelle-Saison-200x105.png 200w, https:\/\/cheznu.tv\/familymanagement\/wp-content\/uploads\/2018\/03\/Aktuelle-Saison-400x210.png 400w, https:\/\/cheznu.tv\/familymanagement\/wp-content\/uploads\/2018\/03\/Aktuelle-Saison-600x315.png 600w, https:\/\/cheznu.tv\/familymanagement\/wp-content\/uploads\/2018\/03\/Aktuelle-Saison-800x420.png 800w, https:\/\/cheznu.tv\/familymanagement\/wp-content\/uploads\/2018\/03\/Aktuelle-Saison.png 1200w\" sizes=\"(max-width: 800px) 100vw, 300px\" \/><\/a><\/span><\/div><div class=\"fusion-clearfix\"><\/div><\/div><\/div><\/div><\/div><\/p>\n","protected":false},"excerpt":{"rendered":"<p>Einen Kulturbeutel n\u00e4hen war meine erl\u00f6sende Idee auf der Suche nach einem Projekt f\u00fcr M\u00e4nner, das auch nicht sehr schwer ist. F\u00fcr M\u00e4nner n\u00e4hen ist gar nicht so leicht.\u00a0Aber jetzt habe ich mein Projekt gefunden.<\/p>\n","protected":false},"author":2,"featured_media":9766,"comment_status":"open","ping_status":"open","sticky":false,"template":"","format":"standard","meta":{"footnotes":""},"categories":[16,774,702,67,917,916],"tags":[912],"class_list":["post-9757","post","type-post","status-publish","format-standard","has-post-thumbnail","hentry","category-anfaenger","category-geschenkidee","category-kunstleder","category-naehen-2","category-reise","category-urlaub","tag-kulturbeutel-naehen"],"yoast_head":"<!-- This site is optimized with the Yoast SEO plugin v27.5 - https:\/\/yoast.com\/product\/yoast-seo-wordpress\/ -->\n<title>Kurturbeutel n\u00e4hen f\u00fcr Herren | Kulturtasche | Waschtasche<\/title>\n<meta name=\"description\" content=\"Einen Kulturbeutel n\u00e4hen war meine Idee f\u00fcr ein Projekt f\u00fcr M\u00e4nner, das auch nicht sehr schwer ist. Eine sch\u00f6ne Geschenkidee f\u00fcr den Vatertag.\" \/>\n<meta name=\"robots\" content=\"index, follow, max-snippet:-1, max-image-preview:large, max-video-preview:-1\" \/>\n<link rel=\"canonical\" href=\"https:\/\/cheznu.tv\/familymanagement\/kurturbeutel-naehen-fuer-herren-kulturtasche-waschtasche\/\" \/>\n<meta property=\"og:locale\" content=\"de_DE\" \/>\n<meta property=\"og:type\" content=\"article\" \/>\n<meta property=\"og:title\" content=\"Kurturbeutel n\u00e4hen f\u00fcr Herren | Kulturtasche | Waschtasche\" \/>\n<meta property=\"og:description\" content=\"Einen Kulturbeutel n\u00e4hen war meine Idee f\u00fcr ein Projekt f\u00fcr M\u00e4nner, das auch nicht sehr schwer ist. Eine sch\u00f6ne Geschenkidee f\u00fcr den Vatertag.\" \/>\n<meta property=\"og:url\" content=\"https:\/\/cheznu.tv\/familymanagement\/kurturbeutel-naehen-fuer-herren-kulturtasche-waschtasche\/\" \/>\n<meta property=\"og:site_name\" content=\"ChezNU.TV\" \/>\n<meta property=\"article:publisher\" content=\"https:\/\/www.facebook.com\/cheznutv\/\" \/>\n<meta property=\"article:published_time\" content=\"2018-05-02T11:55:50+00:00\" \/>\n<meta property=\"article:modified_time\" content=\"2021-03-15T18:24:50+00:00\" \/>\n<meta property=\"og:image\" content=\"https:\/\/cheznu.tv\/familymanagement\/wp-content\/uploads\/2018\/05\/Kulturbeutel-n\u00e4hen-f\u00fcr-M\u00e4nner-Artikelbild.png\" \/>\n\t<meta property=\"og:image:width\" content=\"1200\" \/>\n\t<meta property=\"og:image:height\" content=\"630\" \/>\n\t<meta property=\"og:image:type\" content=\"image\/png\" \/>\n<meta name=\"author\" content=\"Ute Schmidt\" \/>\n<meta name=\"twitter:card\" content=\"summary_large_image\" \/>\n<meta name=\"twitter:creator\" content=\"@cheznu_family\" \/>\n<meta name=\"twitter:site\" content=\"@cheznu_family\" \/>\n<meta name=\"twitter:label1\" content=\"Verfasst von\" \/>\n\t<meta name=\"twitter:data1\" content=\"Ute Schmidt\" \/>\n\t<meta name=\"twitter:label2\" content=\"Gesch\u00e4tzte Lesezeit\" \/>\n\t<meta name=\"twitter:data2\" content=\"16\u00a0Minuten\" \/>\n<script type=\"application\/ld+json\" class=\"yoast-schema-graph\">{\"@context\":\"https:\\\/\\\/schema.org\",\"@graph\":[{\"@type\":\"Article\",\"@id\":\"https:\\\/\\\/cheznu.tv\\\/familymanagement\\\/kurturbeutel-naehen-fuer-herren-kulturtasche-waschtasche\\\/#article\",\"isPartOf\":{\"@id\":\"https:\\\/\\\/cheznu.tv\\\/familymanagement\\\/kurturbeutel-naehen-fuer-herren-kulturtasche-waschtasche\\\/\"},\"author\":{\"name\":\"Ute Schmidt\",\"@id\":\"https:\\\/\\\/cheznu.tv\\\/familymanagement\\\/#\\\/schema\\\/person\\\/81c90ab0d1b51b5f2eb679026daff10e\"},\"headline\":\"Kulturbeutel n\u00e4hen f\u00fcr Herren | Kulturtasche | Waschtasche\",\"datePublished\":\"2018-05-02T11:55:50+00:00\",\"dateModified\":\"2021-03-15T18:24:50+00:00\",\"mainEntityOfPage\":{\"@id\":\"https:\\\/\\\/cheznu.tv\\\/familymanagement\\\/kurturbeutel-naehen-fuer-herren-kulturtasche-waschtasche\\\/\"},\"wordCount\":3260,\"commentCount\":1,\"image\":{\"@id\":\"https:\\\/\\\/cheznu.tv\\\/familymanagement\\\/kurturbeutel-naehen-fuer-herren-kulturtasche-waschtasche\\\/#primaryimage\"},\"thumbnailUrl\":\"https:\\\/\\\/cheznu.tv\\\/familymanagement\\\/wp-content\\\/uploads\\\/2018\\\/05\\\/Kulturbeutel-n\u00e4hen-f\u00fcr-M\u00e4nner-Artikelbild.png\",\"keywords\":[\"Kulturbeutel n\u00e4hen\"],\"articleSection\":[\"Anf\u00e4nger\",\"Geschenkidee\",\"Kunstleder\",\"N\u00e4hen\",\"Reise\",\"Urlaub\"],\"inLanguage\":\"de\",\"potentialAction\":[{\"@type\":\"CommentAction\",\"name\":\"Comment\",\"target\":[\"https:\\\/\\\/cheznu.tv\\\/familymanagement\\\/kurturbeutel-naehen-fuer-herren-kulturtasche-waschtasche\\\/#respond\"]}]},{\"@type\":\"WebPage\",\"@id\":\"https:\\\/\\\/cheznu.tv\\\/familymanagement\\\/kurturbeutel-naehen-fuer-herren-kulturtasche-waschtasche\\\/\",\"url\":\"https:\\\/\\\/cheznu.tv\\\/familymanagement\\\/kurturbeutel-naehen-fuer-herren-kulturtasche-waschtasche\\\/\",\"name\":\"Kurturbeutel n\u00e4hen f\u00fcr Herren | Kulturtasche | Waschtasche\",\"isPartOf\":{\"@id\":\"https:\\\/\\\/cheznu.tv\\\/familymanagement\\\/#website\"},\"primaryImageOfPage\":{\"@id\":\"https:\\\/\\\/cheznu.tv\\\/familymanagement\\\/kurturbeutel-naehen-fuer-herren-kulturtasche-waschtasche\\\/#primaryimage\"},\"image\":{\"@id\":\"https:\\\/\\\/cheznu.tv\\\/familymanagement\\\/kurturbeutel-naehen-fuer-herren-kulturtasche-waschtasche\\\/#primaryimage\"},\"thumbnailUrl\":\"https:\\\/\\\/cheznu.tv\\\/familymanagement\\\/wp-content\\\/uploads\\\/2018\\\/05\\\/Kulturbeutel-n\u00e4hen-f\u00fcr-M\u00e4nner-Artikelbild.png\",\"datePublished\":\"2018-05-02T11:55:50+00:00\",\"dateModified\":\"2021-03-15T18:24:50+00:00\",\"author\":{\"@id\":\"https:\\\/\\\/cheznu.tv\\\/familymanagement\\\/#\\\/schema\\\/person\\\/81c90ab0d1b51b5f2eb679026daff10e\"},\"description\":\"Einen Kulturbeutel n\u00e4hen war meine Idee f\u00fcr ein Projekt f\u00fcr M\u00e4nner, das auch nicht sehr schwer ist. Eine sch\u00f6ne Geschenkidee f\u00fcr den Vatertag.\",\"breadcrumb\":{\"@id\":\"https:\\\/\\\/cheznu.tv\\\/familymanagement\\\/kurturbeutel-naehen-fuer-herren-kulturtasche-waschtasche\\\/#breadcrumb\"},\"inLanguage\":\"de\",\"potentialAction\":[{\"@type\":\"ReadAction\",\"target\":[\"https:\\\/\\\/cheznu.tv\\\/familymanagement\\\/kurturbeutel-naehen-fuer-herren-kulturtasche-waschtasche\\\/\"]}]},{\"@type\":\"ImageObject\",\"inLanguage\":\"de\",\"@id\":\"https:\\\/\\\/cheznu.tv\\\/familymanagement\\\/kurturbeutel-naehen-fuer-herren-kulturtasche-waschtasche\\\/#primaryimage\",\"url\":\"https:\\\/\\\/cheznu.tv\\\/familymanagement\\\/wp-content\\\/uploads\\\/2018\\\/05\\\/Kulturbeutel-n\u00e4hen-f\u00fcr-M\u00e4nner-Artikelbild.png\",\"contentUrl\":\"https:\\\/\\\/cheznu.tv\\\/familymanagement\\\/wp-content\\\/uploads\\\/2018\\\/05\\\/Kulturbeutel-n\u00e4hen-f\u00fcr-M\u00e4nner-Artikelbild.png\",\"width\":1200,\"height\":630,\"caption\":\"Kulturbeutel n\u00e4hen f\u00fcr M\u00e4nner | Kulturtasche, Waschtasche\"},{\"@type\":\"BreadcrumbList\",\"@id\":\"https:\\\/\\\/cheznu.tv\\\/familymanagement\\\/kurturbeutel-naehen-fuer-herren-kulturtasche-waschtasche\\\/#breadcrumb\",\"itemListElement\":[{\"@type\":\"ListItem\",\"position\":1,\"name\":\"Startseite\",\"item\":\"https:\\\/\\\/cheznu.tv\\\/familymanagement\\\/\"},{\"@type\":\"ListItem\",\"position\":2,\"name\":\"Kulturbeutel n\u00e4hen f\u00fcr Herren | Kulturtasche | Waschtasche\"}]},{\"@type\":\"WebSite\",\"@id\":\"https:\\\/\\\/cheznu.tv\\\/familymanagement\\\/#website\",\"url\":\"https:\\\/\\\/cheznu.tv\\\/familymanagement\\\/\",\"name\":\"ChezNU.TV\",\"description\":\"N\u00e4hen | Basteln | Haushalt | Familie\",\"potentialAction\":[{\"@type\":\"SearchAction\",\"target\":{\"@type\":\"EntryPoint\",\"urlTemplate\":\"https:\\\/\\\/cheznu.tv\\\/familymanagement\\\/?s={search_term_string}\"},\"query-input\":{\"@type\":\"PropertyValueSpecification\",\"valueRequired\":true,\"valueName\":\"search_term_string\"}}],\"inLanguage\":\"de\"},{\"@type\":\"Person\",\"@id\":\"https:\\\/\\\/cheznu.tv\\\/familymanagement\\\/#\\\/schema\\\/person\\\/81c90ab0d1b51b5f2eb679026daff10e\",\"name\":\"Ute Schmidt\",\"sameAs\":[\"https:\\\/\\\/cheznu.tv\"],\"url\":\"https:\\\/\\\/cheznu.tv\\\/familymanagement\\\/author\\\/ute\\\/\"}]}<\/script>\n<!-- \/ Yoast SEO plugin. -->","yoast_head_json":{"title":"Kurturbeutel n\u00e4hen f\u00fcr Herren | Kulturtasche | Waschtasche","description":"Einen Kulturbeutel n\u00e4hen war meine Idee f\u00fcr ein Projekt f\u00fcr M\u00e4nner, das auch nicht sehr schwer ist. Eine sch\u00f6ne Geschenkidee f\u00fcr den Vatertag.","robots":{"index":"index","follow":"follow","max-snippet":"max-snippet:-1","max-image-preview":"max-image-preview:large","max-video-preview":"max-video-preview:-1"},"canonical":"https:\/\/cheznu.tv\/familymanagement\/kurturbeutel-naehen-fuer-herren-kulturtasche-waschtasche\/","og_locale":"de_DE","og_type":"article","og_title":"Kurturbeutel n\u00e4hen f\u00fcr Herren | Kulturtasche | Waschtasche","og_description":"Einen Kulturbeutel n\u00e4hen war meine Idee f\u00fcr ein Projekt f\u00fcr M\u00e4nner, das auch nicht sehr schwer ist. Eine sch\u00f6ne Geschenkidee f\u00fcr den Vatertag.","og_url":"https:\/\/cheznu.tv\/familymanagement\/kurturbeutel-naehen-fuer-herren-kulturtasche-waschtasche\/","og_site_name":"ChezNU.TV","article_publisher":"https:\/\/www.facebook.com\/cheznutv\/","article_published_time":"2018-05-02T11:55:50+00:00","article_modified_time":"2021-03-15T18:24:50+00:00","og_image":[{"width":1200,"height":630,"url":"https:\/\/cheznu.tv\/familymanagement\/wp-content\/uploads\/2018\/05\/Kulturbeutel-n\u00e4hen-f\u00fcr-M\u00e4nner-Artikelbild.png","type":"image\/png"}],"author":"Ute Schmidt","twitter_card":"summary_large_image","twitter_creator":"@cheznu_family","twitter_site":"@cheznu_family","twitter_misc":{"Verfasst von":"Ute Schmidt","Gesch\u00e4tzte Lesezeit":"16\u00a0Minuten"},"schema":{"@context":"https:\/\/schema.org","@graph":[{"@type":"Article","@id":"https:\/\/cheznu.tv\/familymanagement\/kurturbeutel-naehen-fuer-herren-kulturtasche-waschtasche\/#article","isPartOf":{"@id":"https:\/\/cheznu.tv\/familymanagement\/kurturbeutel-naehen-fuer-herren-kulturtasche-waschtasche\/"},"author":{"name":"Ute Schmidt","@id":"https:\/\/cheznu.tv\/familymanagement\/#\/schema\/person\/81c90ab0d1b51b5f2eb679026daff10e"},"headline":"Kulturbeutel n\u00e4hen f\u00fcr Herren | Kulturtasche | Waschtasche","datePublished":"2018-05-02T11:55:50+00:00","dateModified":"2021-03-15T18:24:50+00:00","mainEntityOfPage":{"@id":"https:\/\/cheznu.tv\/familymanagement\/kurturbeutel-naehen-fuer-herren-kulturtasche-waschtasche\/"},"wordCount":3260,"commentCount":1,"image":{"@id":"https:\/\/cheznu.tv\/familymanagement\/kurturbeutel-naehen-fuer-herren-kulturtasche-waschtasche\/#primaryimage"},"thumbnailUrl":"https:\/\/cheznu.tv\/familymanagement\/wp-content\/uploads\/2018\/05\/Kulturbeutel-n\u00e4hen-f\u00fcr-M\u00e4nner-Artikelbild.png","keywords":["Kulturbeutel n\u00e4hen"],"articleSection":["Anf\u00e4nger","Geschenkidee","Kunstleder","N\u00e4hen","Reise","Urlaub"],"inLanguage":"de","potentialAction":[{"@type":"CommentAction","name":"Comment","target":["https:\/\/cheznu.tv\/familymanagement\/kurturbeutel-naehen-fuer-herren-kulturtasche-waschtasche\/#respond"]}]},{"@type":"WebPage","@id":"https:\/\/cheznu.tv\/familymanagement\/kurturbeutel-naehen-fuer-herren-kulturtasche-waschtasche\/","url":"https:\/\/cheznu.tv\/familymanagement\/kurturbeutel-naehen-fuer-herren-kulturtasche-waschtasche\/","name":"Kurturbeutel n\u00e4hen f\u00fcr Herren | Kulturtasche | Waschtasche","isPartOf":{"@id":"https:\/\/cheznu.tv\/familymanagement\/#website"},"primaryImageOfPage":{"@id":"https:\/\/cheznu.tv\/familymanagement\/kurturbeutel-naehen-fuer-herren-kulturtasche-waschtasche\/#primaryimage"},"image":{"@id":"https:\/\/cheznu.tv\/familymanagement\/kurturbeutel-naehen-fuer-herren-kulturtasche-waschtasche\/#primaryimage"},"thumbnailUrl":"https:\/\/cheznu.tv\/familymanagement\/wp-content\/uploads\/2018\/05\/Kulturbeutel-n\u00e4hen-f\u00fcr-M\u00e4nner-Artikelbild.png","datePublished":"2018-05-02T11:55:50+00:00","dateModified":"2021-03-15T18:24:50+00:00","author":{"@id":"https:\/\/cheznu.tv\/familymanagement\/#\/schema\/person\/81c90ab0d1b51b5f2eb679026daff10e"},"description":"Einen Kulturbeutel n\u00e4hen war meine Idee f\u00fcr ein Projekt f\u00fcr M\u00e4nner, das auch nicht sehr schwer ist. Eine sch\u00f6ne Geschenkidee f\u00fcr den Vatertag.","breadcrumb":{"@id":"https:\/\/cheznu.tv\/familymanagement\/kurturbeutel-naehen-fuer-herren-kulturtasche-waschtasche\/#breadcrumb"},"inLanguage":"de","potentialAction":[{"@type":"ReadAction","target":["https:\/\/cheznu.tv\/familymanagement\/kurturbeutel-naehen-fuer-herren-kulturtasche-waschtasche\/"]}]},{"@type":"ImageObject","inLanguage":"de","@id":"https:\/\/cheznu.tv\/familymanagement\/kurturbeutel-naehen-fuer-herren-kulturtasche-waschtasche\/#primaryimage","url":"https:\/\/cheznu.tv\/familymanagement\/wp-content\/uploads\/2018\/05\/Kulturbeutel-n\u00e4hen-f\u00fcr-M\u00e4nner-Artikelbild.png","contentUrl":"https:\/\/cheznu.tv\/familymanagement\/wp-content\/uploads\/2018\/05\/Kulturbeutel-n\u00e4hen-f\u00fcr-M\u00e4nner-Artikelbild.png","width":1200,"height":630,"caption":"Kulturbeutel n\u00e4hen f\u00fcr M\u00e4nner | Kulturtasche, Waschtasche"},{"@type":"BreadcrumbList","@id":"https:\/\/cheznu.tv\/familymanagement\/kurturbeutel-naehen-fuer-herren-kulturtasche-waschtasche\/#breadcrumb","itemListElement":[{"@type":"ListItem","position":1,"name":"Startseite","item":"https:\/\/cheznu.tv\/familymanagement\/"},{"@type":"ListItem","position":2,"name":"Kulturbeutel n\u00e4hen f\u00fcr Herren | Kulturtasche | Waschtasche"}]},{"@type":"WebSite","@id":"https:\/\/cheznu.tv\/familymanagement\/#website","url":"https:\/\/cheznu.tv\/familymanagement\/","name":"ChezNU.TV","description":"N\u00e4hen | Basteln | Haushalt | Familie","potentialAction":[{"@type":"SearchAction","target":{"@type":"EntryPoint","urlTemplate":"https:\/\/cheznu.tv\/familymanagement\/?s={search_term_string}"},"query-input":{"@type":"PropertyValueSpecification","valueRequired":true,"valueName":"search_term_string"}}],"inLanguage":"de"},{"@type":"Person","@id":"https:\/\/cheznu.tv\/familymanagement\/#\/schema\/person\/81c90ab0d1b51b5f2eb679026daff10e","name":"Ute Schmidt","sameAs":["https:\/\/cheznu.tv"],"url":"https:\/\/cheznu.tv\/familymanagement\/author\/ute\/"}]}},"_links":{"self":[{"href":"https:\/\/cheznu.tv\/familymanagement\/wp-json\/wp\/v2\/posts\/9757","targetHints":{"allow":["GET"]}}],"collection":[{"href":"https:\/\/cheznu.tv\/familymanagement\/wp-json\/wp\/v2\/posts"}],"about":[{"href":"https:\/\/cheznu.tv\/familymanagement\/wp-json\/wp\/v2\/types\/post"}],"author":[{"embeddable":true,"href":"https:\/\/cheznu.tv\/familymanagement\/wp-json\/wp\/v2\/users\/2"}],"replies":[{"embeddable":true,"href":"https:\/\/cheznu.tv\/familymanagement\/wp-json\/wp\/v2\/comments?post=9757"}],"version-history":[{"count":5,"href":"https:\/\/cheznu.tv\/familymanagement\/wp-json\/wp\/v2\/posts\/9757\/revisions"}],"predecessor-version":[{"id":59426,"href":"https:\/\/cheznu.tv\/familymanagement\/wp-json\/wp\/v2\/posts\/9757\/revisions\/59426"}],"wp:featuredmedia":[{"embeddable":true,"href":"https:\/\/cheznu.tv\/familymanagement\/wp-json\/wp\/v2\/media\/9766"}],"wp:attachment":[{"href":"https:\/\/cheznu.tv\/familymanagement\/wp-json\/wp\/v2\/media?parent=9757"}],"wp:term":[{"taxonomy":"category","embeddable":true,"href":"https:\/\/cheznu.tv\/familymanagement\/wp-json\/wp\/v2\/categories?post=9757"},{"taxonomy":"post_tag","embeddable":true,"href":"https:\/\/cheznu.tv\/familymanagement\/wp-json\/wp\/v2\/tags?post=9757"}],"curies":[{"name":"wp","href":"https:\/\/api.w.org\/{rel}","templated":true}]}}