{"id":50809,"date":"2020-11-01T14:40:46","date_gmt":"2020-11-01T13:40:46","guid":{"rendered":"https:\/\/cheznu.tv\/familymanagement\/?p=50809"},"modified":"2020-11-01T14:42:04","modified_gmt":"2020-11-01T13:42:04","slug":"adventskalender-naehen-als-kissen-oder-wandbehang","status":"publish","type":"post","link":"https:\/\/cheznu.tv\/familymanagement\/adventskalender-naehen-als-kissen-oder-wandbehang\/","title":{"rendered":"Adventskalender n\u00e4hen \ud83c\udf84 als Kissen oder Wandbehang"},"content":{"rendered":"<p><div class=\"fusion-fullwidth fullwidth-box fusion-builder-row-1 nonhundred-percent-fullwidth non-hundred-percent-height-scrolling\" style=\"--awb-background-position:left top;--awb-border-radius-top-left:0px;--awb-border-radius-top-right:0px;--awb-border-radius-bottom-right:0px;--awb-border-radius-bottom-left:0px;--awb-padding-top:20px;--awb-padding-bottom:20px;--awb-border-sizes-top:0px;--awb-border-sizes-bottom:0px;--awb-flex-wrap:wrap;\" ><div class=\"fusion-builder-row fusion-row\"><div class=\"fusion-layout-column fusion_builder_column fusion-builder-column-0 fusion_builder_column_1_1 1_1 fusion-one-full fusion-column-first fusion-column-last fusion-column-no-min-height\" style=\"--awb-bg-size:cover;--awb-margin-bottom:0px;\"><div class=\"fusion-column-wrapper fusion-flex-column-wrapper-legacy\"><div class=\"fusion-text fusion-text-1\"><p>Noch ist Zeit, wenn Du einen Adventskalender n\u00e4hen willst. Eine besondere Idee ist das Adventskalender-Kissen. Aber Du kannst das Schnittmuster auch als Wandbehang umsetzten.<\/p>\n<p>Das Kissen kannst Du sehr gut auf dem Sofa dekorieren oder auf einem extra Sessel. Dein Wohnzimmer oder Dein Eingagsbereich bekommt so sofort weihnatliche Atmosph\u00e4re.<\/p>\n<\/div><div class=\"fusion-video fusion-youtube\" style=\"--awb-max-width:600px;--awb-max-height:350px;\" data-autoplay=\"1\"><div class=\"video-shortcode\"><div class=\"fluid-width-video-wrapper\" style=\"padding-top:58.33%;\" ><iframe title=\"YouTube video player 1\" src=\"https:\/\/www.youtube.com\/embed\/5zHBtDWvWq8?wmode=transparent&autoplay=0\" width=\"600\" height=\"350\" allowfullscreen allow=\"autoplay; clipboard-write; encrypted-media; gyroscope; picture-in-picture;\"><\/iframe><\/div><\/div><\/div><div class=\"fusion-clearfix\"><\/div><\/div><\/div><\/div><\/div><div class=\"fusion-fullwidth fullwidth-box fusion-builder-row-2 nonhundred-percent-fullwidth non-hundred-percent-height-scrolling\" style=\"--awb-background-position:left top;--awb-border-radius-top-left:0px;--awb-border-radius-top-right:0px;--awb-border-radius-bottom-right:0px;--awb-border-radius-bottom-left:0px;--awb-padding-top:20px;--awb-padding-bottom:20px;--awb-border-sizes-top:0px;--awb-border-sizes-bottom:0px;--awb-flex-wrap:wrap;\" ><div class=\"fusion-builder-row fusion-row\"><div class=\"fusion-layout-column fusion_builder_column fusion-builder-column-1 fusion_builder_column_1_1 1_1 fusion-one-full fusion-column-first fusion-column-last fusion-column-no-min-height\" style=\"--awb-bg-size:cover;--awb-margin-bottom:0px;\"><div class=\"fusion-column-wrapper fusion-flex-column-wrapper-legacy\"><div class=\"fusion-button-wrapper\"><a class=\"fusion-button button-flat button-xlarge button-custom fusion-button-default button-1 fusion-button-default-span fusion-button-default-type fusion-has-button-gradient\" style=\"--button_accent_color:#ffffff;--button_accent_hover_color:#ffffff;--button_border_hover_color:#ffffff;--button_gradient_top_color:#ffb3f9;--button_gradient_bottom_color:#fc6af1;--button_gradient_top_color_hover:#fc6af1;--button_gradient_bottom_color_hover:#ffb3f9;\" target=\"_self\" href=\"https:\/\/cheznu.tv\/familymanagement\/produkt\/adventskaldender-schnittmuster\/\"><i class=\"fa-cut fas awb-button__icon awb-button__icon--default button-icon-left\" aria-hidden=\"true\"><\/i><span class=\"fusion-button-text awb-button__text awb-button__text--default\">Schnittmuster<\/span><\/a><\/div><div class=\"fusion-title title fusion-title-1 fusion-title-text fusion-title-size-two\" style=\"--awb-margin-top-small:10px;--awb-margin-right-small:0px;--awb-margin-bottom-small:10px;--awb-margin-left-small:0px;\"><h2 class=\"fusion-title-heading title-heading-left\" style=\"margin:0;\">Material<\/h2><span class=\"awb-title-spacer\"><\/span><div class=\"title-sep-container\"><div class=\"title-sep sep-double sep-solid\" style=\"border-color:#e2e2e2;\"><\/div><\/div><\/div><div class=\"fusion-image-element in-legacy-container\" style=\"--awb-caption-title-font-family:var(--h2_typography-font-family);--awb-caption-title-font-weight:var(--h2_typography-font-weight);--awb-caption-title-font-style:var(--h2_typography-font-style);--awb-caption-title-size:var(--h2_typography-font-size);--awb-caption-title-transform:var(--h2_typography-text-transform);--awb-caption-title-line-height:var(--h2_typography-line-height);--awb-caption-title-letter-spacing:var(--h2_typography-letter-spacing);\"><span class=\" fusion-imageframe imageframe-none imageframe-1 hover-type-none\"><a href=\"https:\/\/cheznu.tv\/familymanagement\/wp-content\/uploads\/2020\/10\/Adventskalender-naehen-01-Material.jpg\" class=\"fusion-lightbox\" data-rel=\"iLightbox[b0d65cc30e2dbad7314]\" data-title=\"Adventskalender n\u00e4hen &#8211; 01 Material\" title=\"Adventskalender n\u00e4hen &#8211; 01 Material\"><img decoding=\"async\" width=\"1000\" height=\"741\" alt=\"Adventskalender n\u00e4hen - 01 Material\" src=\"https:\/\/cheznu.tv\/familymanagement\/wp-content\/uploads\/2020\/10\/Adventskalender-naehen-01-Material.jpg\" class=\"img-responsive wp-image-50813\" srcset=\"https:\/\/cheznu.tv\/familymanagement\/wp-content\/uploads\/2020\/10\/Adventskalender-naehen-01-Material-200x148.jpg 200w, https:\/\/cheznu.tv\/familymanagement\/wp-content\/uploads\/2020\/10\/Adventskalender-naehen-01-Material-400x296.jpg 400w, https:\/\/cheznu.tv\/familymanagement\/wp-content\/uploads\/2020\/10\/Adventskalender-naehen-01-Material-600x445.jpg 600w, https:\/\/cheznu.tv\/familymanagement\/wp-content\/uploads\/2020\/10\/Adventskalender-naehen-01-Material-800x593.jpg 800w, https:\/\/cheznu.tv\/familymanagement\/wp-content\/uploads\/2020\/10\/Adventskalender-naehen-01-Material.jpg 1000w\" sizes=\"(max-width: 800px) 100vw, 1000px\" \/><\/a><\/span><\/div><div class=\"fusion-clearfix\"><\/div><\/div><\/div><\/div><\/div><div class=\"fusion-fullwidth fullwidth-box fusion-builder-row-3 nonhundred-percent-fullwidth non-hundred-percent-height-scrolling\" style=\"--awb-background-position:left top;--awb-border-radius-top-left:0px;--awb-border-radius-top-right:0px;--awb-border-radius-bottom-right:0px;--awb-border-radius-bottom-left:0px;--awb-padding-top:20px;--awb-padding-bottom:20px;--awb-border-sizes-top:0px;--awb-border-sizes-bottom:0px;--awb-flex-wrap:wrap;\" ><div class=\"fusion-builder-row fusion-row\"><div class=\"fusion-layout-column fusion_builder_column fusion-builder-column-2 fusion_builder_column_1_1 1_1 fusion-one-full fusion-column-first fusion-column-last fusion-column-no-min-height\" style=\"--awb-bg-size:cover;--awb-margin-bottom:0px;\"><div class=\"fusion-column-wrapper fusion-flex-column-wrapper-legacy\"><div class=\"fusion-text fusion-text-2\"><p>Als Material brauchst Du Baumwollstoff, verschiedene in uni oder weihnachtlichen Dekoren. Du solltest Dir im Vorhinein \u00fcberlegen, wie Du den Adventskalender n\u00e4hen und gestalten willst.<\/p>\n<p>Wir hatten uns einige Coupons gekauft die wir kombiniert haben. f\u00fcr die Vorder- und R\u00fcckseite brauchst Du etwa 1 m\/140cm breit. Beim Rest bist du variabel. Je nachdem ob Du das Kissen oder den Wandbehang n\u00e4hen willst brauchst Du noch einen W\u00e4sche-Reissverschluss.<\/p>\n<\/div><div class=\"fusion-title title fusion-title-2 fusion-title-text fusion-title-size-two\" style=\"--awb-margin-top-small:10px;--awb-margin-right-small:0px;--awb-margin-bottom-small:10px;--awb-margin-left-small:0px;\"><h2 class=\"fusion-title-heading title-heading-left\" style=\"margin:0;\">Zuschnitt<\/h2><span class=\"awb-title-spacer\"><\/span><div class=\"title-sep-container\"><div class=\"title-sep sep-double sep-solid\" style=\"border-color:#e2e2e2;\"><\/div><\/div><\/div><div class=\"fusion-clearfix\"><\/div><\/div><\/div><\/div><\/div><div class=\"fusion-fullwidth fullwidth-box fusion-builder-row-4 nonhundred-percent-fullwidth non-hundred-percent-height-scrolling\" style=\"--awb-border-radius-top-left:0px;--awb-border-radius-top-right:0px;--awb-border-radius-bottom-right:0px;--awb-border-radius-bottom-left:0px;--awb-flex-wrap:wrap;\" ><div class=\"fusion-builder-row fusion-row\"><div class=\"fusion-layout-column fusion_builder_column fusion-builder-column-3 fusion_builder_column_1_2 1_2 fusion-one-half fusion-column-first\" style=\"--awb-bg-size:cover;width:50%;width:calc(50% - ( ( 4% ) * 0.5 ) );margin-right: 4%;\"><div class=\"fusion-column-wrapper fusion-column-has-shadow fusion-flex-column-wrapper-legacy\"><div class=\"fusion-image-element in-legacy-container\" style=\"--awb-caption-title-font-family:var(--h2_typography-font-family);--awb-caption-title-font-weight:var(--h2_typography-font-weight);--awb-caption-title-font-style:var(--h2_typography-font-style);--awb-caption-title-size:var(--h2_typography-font-size);--awb-caption-title-transform:var(--h2_typography-text-transform);--awb-caption-title-line-height:var(--h2_typography-line-height);--awb-caption-title-letter-spacing:var(--h2_typography-letter-spacing);\"><span class=\" fusion-imageframe imageframe-none imageframe-2 hover-type-none\"><a href=\"https:\/\/cheznu.tv\/familymanagement\/wp-content\/uploads\/2020\/10\/Adventskalender-naehen-02-Schnittmuster.jpg\" class=\"fusion-lightbox\" data-rel=\"iLightbox[52b6f76be98170cfd8f]\" data-title=\"Adventskalender n\u00e4hen &#8211; 02 Schnittmuster\" title=\"Adventskalender n\u00e4hen &#8211; 02 Schnittmuster\"><img decoding=\"async\" width=\"1000\" height=\"947\" alt=\"Adventskalender n\u00e4hen - 02 Schnittmuster\" src=\"https:\/\/cheznu.tv\/familymanagement\/wp-content\/uploads\/2020\/10\/Adventskalender-naehen-02-Schnittmuster.jpg\" class=\"img-responsive wp-image-50814\" srcset=\"https:\/\/cheznu.tv\/familymanagement\/wp-content\/uploads\/2020\/10\/Adventskalender-naehen-02-Schnittmuster-200x189.jpg 200w, https:\/\/cheznu.tv\/familymanagement\/wp-content\/uploads\/2020\/10\/Adventskalender-naehen-02-Schnittmuster-400x379.jpg 400w, https:\/\/cheznu.tv\/familymanagement\/wp-content\/uploads\/2020\/10\/Adventskalender-naehen-02-Schnittmuster-600x568.jpg 600w, https:\/\/cheznu.tv\/familymanagement\/wp-content\/uploads\/2020\/10\/Adventskalender-naehen-02-Schnittmuster-800x758.jpg 800w, https:\/\/cheznu.tv\/familymanagement\/wp-content\/uploads\/2020\/10\/Adventskalender-naehen-02-Schnittmuster.jpg 1000w\" sizes=\"(max-width: 800px) 100vw, 600px\" \/><\/a><\/span><\/div><div class=\"fusion-clearfix\"><\/div><\/div><\/div><div class=\"fusion-layout-column fusion_builder_column fusion-builder-column-4 fusion_builder_column_1_2 1_2 fusion-one-half fusion-column-last\" style=\"--awb-bg-size:cover;width:50%;width:calc(50% - ( ( 4% ) * 0.5 ) );\"><div class=\"fusion-column-wrapper fusion-column-has-shadow fusion-flex-column-wrapper-legacy\"><div class=\"fusion-image-element in-legacy-container\" style=\"--awb-caption-title-font-family:var(--h2_typography-font-family);--awb-caption-title-font-weight:var(--h2_typography-font-weight);--awb-caption-title-font-style:var(--h2_typography-font-style);--awb-caption-title-size:var(--h2_typography-font-size);--awb-caption-title-transform:var(--h2_typography-text-transform);--awb-caption-title-line-height:var(--h2_typography-line-height);--awb-caption-title-letter-spacing:var(--h2_typography-letter-spacing);\"><span class=\" fusion-imageframe imageframe-none imageframe-3 hover-type-none\"><a href=\"https:\/\/cheznu.tv\/familymanagement\/wp-content\/uploads\/2020\/10\/Adventskalender-naehen-03-Markierung.jpg\" class=\"fusion-lightbox\" data-rel=\"iLightbox[507a40da0e4d10244ab]\" data-title=\"Adventskalender n\u00e4hen &#8211; 03 Markierung\" title=\"Adventskalender n\u00e4hen &#8211; 03 Markierung\"><img decoding=\"async\" width=\"1000\" height=\"717\" alt=\"Adventskalender n\u00e4hen - 03 Markierung\" src=\"https:\/\/cheznu.tv\/familymanagement\/wp-content\/uploads\/2020\/10\/Adventskalender-naehen-03-Markierung.jpg\" class=\"img-responsive wp-image-50815\" srcset=\"https:\/\/cheznu.tv\/familymanagement\/wp-content\/uploads\/2020\/10\/Adventskalender-naehen-03-Markierung-200x143.jpg 200w, https:\/\/cheznu.tv\/familymanagement\/wp-content\/uploads\/2020\/10\/Adventskalender-naehen-03-Markierung-400x287.jpg 400w, https:\/\/cheznu.tv\/familymanagement\/wp-content\/uploads\/2020\/10\/Adventskalender-naehen-03-Markierung-600x430.jpg 600w, https:\/\/cheznu.tv\/familymanagement\/wp-content\/uploads\/2020\/10\/Adventskalender-naehen-03-Markierung-800x574.jpg 800w, https:\/\/cheznu.tv\/familymanagement\/wp-content\/uploads\/2020\/10\/Adventskalender-naehen-03-Markierung.jpg 1000w\" sizes=\"(max-width: 800px) 100vw, 600px\" \/><\/a><\/span><\/div><div class=\"fusion-clearfix\"><\/div><\/div><\/div><\/div><\/div><div class=\"fusion-fullwidth fullwidth-box fusion-builder-row-5 nonhundred-percent-fullwidth non-hundred-percent-height-scrolling\" style=\"--awb-background-position:left top;--awb-border-radius-top-left:0px;--awb-border-radius-top-right:0px;--awb-border-radius-bottom-right:0px;--awb-border-radius-bottom-left:0px;--awb-padding-top:20px;--awb-padding-bottom:20px;--awb-border-sizes-top:0px;--awb-border-sizes-bottom:0px;--awb-flex-wrap:wrap;\" ><div class=\"fusion-builder-row fusion-row\"><div class=\"fusion-layout-column fusion_builder_column fusion-builder-column-5 fusion_builder_column_1_1 1_1 fusion-one-full fusion-column-first fusion-column-last fusion-column-no-min-height\" style=\"--awb-bg-size:cover;--awb-margin-bottom:0px;\"><div class=\"fusion-column-wrapper fusion-flex-column-wrapper-legacy\"><div class=\"fusion-text fusion-text-3\"><p>Das Schnittmuster wird zuz\u00fcglich Nahtzugabe zugeschnitten. Wir empfehlen Dir 1 cm.<\/p>\n<p>Auf der Basis f\u00fcr den Adventskalender sind die Felder f\u00fcr die T\u00e4schchen vorgezeichnet. Du kannst sie einfach \u00fcbertragen indem Du die Linien mit kleinen Knipsen in der Nahtzugabe markierst und sie sp\u00e4ter mit Kreide verbindest.<\/p>\n<\/div><div class=\"fusion-image-element in-legacy-container\" style=\"--awb-caption-title-font-family:var(--h2_typography-font-family);--awb-caption-title-font-weight:var(--h2_typography-font-weight);--awb-caption-title-font-style:var(--h2_typography-font-style);--awb-caption-title-size:var(--h2_typography-font-size);--awb-caption-title-transform:var(--h2_typography-text-transform);--awb-caption-title-line-height:var(--h2_typography-line-height);--awb-caption-title-letter-spacing:var(--h2_typography-letter-spacing);\"><span class=\" fusion-imageframe imageframe-none imageframe-4 hover-type-none\"><a href=\"https:\/\/cheznu.tv\/familymanagement\/wp-content\/uploads\/2020\/10\/Adventskalender-naehen-04-Zuschnitt.jpg\" class=\"fusion-lightbox\" data-rel=\"iLightbox[1f304912738f1974f76]\" data-title=\"Adventskalender n\u00e4hen &#8211; 04 Zuschnitt\" title=\"Adventskalender n\u00e4hen &#8211; 04 Zuschnitt\"><img decoding=\"async\" width=\"1000\" height=\"811\" alt=\"Adventskalender n\u00e4hen - 04 Zuschnitt\" src=\"https:\/\/cheznu.tv\/familymanagement\/wp-content\/uploads\/2020\/10\/Adventskalender-naehen-04-Zuschnitt.jpg\" class=\"img-responsive wp-image-50816\" srcset=\"https:\/\/cheznu.tv\/familymanagement\/wp-content\/uploads\/2020\/10\/Adventskalender-naehen-04-Zuschnitt-200x162.jpg 200w, https:\/\/cheznu.tv\/familymanagement\/wp-content\/uploads\/2020\/10\/Adventskalender-naehen-04-Zuschnitt-400x324.jpg 400w, https:\/\/cheznu.tv\/familymanagement\/wp-content\/uploads\/2020\/10\/Adventskalender-naehen-04-Zuschnitt-600x487.jpg 600w, https:\/\/cheznu.tv\/familymanagement\/wp-content\/uploads\/2020\/10\/Adventskalender-naehen-04-Zuschnitt-800x649.jpg 800w, https:\/\/cheznu.tv\/familymanagement\/wp-content\/uploads\/2020\/10\/Adventskalender-naehen-04-Zuschnitt.jpg 1000w\" sizes=\"(max-width: 800px) 100vw, 1000px\" \/><\/a><\/span><\/div><div class=\"fusion-clearfix\"><\/div><\/div><\/div><\/div><\/div><div class=\"fusion-fullwidth fullwidth-box fusion-builder-row-6 nonhundred-percent-fullwidth non-hundred-percent-height-scrolling\" style=\"--awb-background-position:left top;--awb-border-radius-top-left:0px;--awb-border-radius-top-right:0px;--awb-border-radius-bottom-right:0px;--awb-border-radius-bottom-left:0px;--awb-padding-top:20px;--awb-padding-bottom:20px;--awb-border-sizes-top:0px;--awb-border-sizes-bottom:0px;--awb-flex-wrap:wrap;\" ><div class=\"fusion-builder-row fusion-row\"><div class=\"fusion-layout-column fusion_builder_column fusion-builder-column-6 fusion_builder_column_1_1 1_1 fusion-one-full fusion-column-first fusion-column-last fusion-column-no-min-height\" style=\"--awb-bg-size:cover;--awb-margin-bottom:0px;\"><div class=\"fusion-column-wrapper fusion-flex-column-wrapper-legacy\"><div class=\"fusion-text fusion-text-4\"><p>Die Streifen f\u00fcr die Taschen werden 8 mal <em>oder<\/em> 4 mal im Stoffbruch zugeschnitten.<\/p>\n<\/div><div class=\"fusion-image-element in-legacy-container\" style=\"--awb-caption-title-font-family:var(--h2_typography-font-family);--awb-caption-title-font-weight:var(--h2_typography-font-weight);--awb-caption-title-font-style:var(--h2_typography-font-style);--awb-caption-title-size:var(--h2_typography-font-size);--awb-caption-title-transform:var(--h2_typography-text-transform);--awb-caption-title-line-height:var(--h2_typography-line-height);--awb-caption-title-letter-spacing:var(--h2_typography-letter-spacing);\"><span class=\" fusion-imageframe imageframe-none imageframe-5 hover-type-none\"><a href=\"https:\/\/cheznu.tv\/familymanagement\/wp-content\/uploads\/2020\/10\/Adventskalender-naehen-06-Zuschnitt.jpg\" class=\"fusion-lightbox\" data-rel=\"iLightbox[17144dcff02525f21a7]\" data-title=\"Adventskalender n\u00e4hen &#8211; 06 Zuschnitt\" title=\"Adventskalender n\u00e4hen &#8211; 06 Zuschnitt\"><img decoding=\"async\" width=\"1000\" height=\"593\" alt=\"Adventskalender n\u00e4hen - 06 Zuschnitt\" src=\"https:\/\/cheznu.tv\/familymanagement\/wp-content\/uploads\/2020\/10\/Adventskalender-naehen-06-Zuschnitt.jpg\" class=\"img-responsive wp-image-50819\" srcset=\"https:\/\/cheznu.tv\/familymanagement\/wp-content\/uploads\/2020\/10\/Adventskalender-naehen-06-Zuschnitt-200x119.jpg 200w, https:\/\/cheznu.tv\/familymanagement\/wp-content\/uploads\/2020\/10\/Adventskalender-naehen-06-Zuschnitt-400x237.jpg 400w, https:\/\/cheznu.tv\/familymanagement\/wp-content\/uploads\/2020\/10\/Adventskalender-naehen-06-Zuschnitt-600x356.jpg 600w, https:\/\/cheznu.tv\/familymanagement\/wp-content\/uploads\/2020\/10\/Adventskalender-naehen-06-Zuschnitt-800x474.jpg 800w, https:\/\/cheznu.tv\/familymanagement\/wp-content\/uploads\/2020\/10\/Adventskalender-naehen-06-Zuschnitt.jpg 1000w\" sizes=\"(max-width: 800px) 100vw, 1000px\" \/><\/a><\/span><\/div><div class=\"fusion-clearfix\"><\/div><\/div><\/div><\/div><\/div><div class=\"fusion-fullwidth fullwidth-box fusion-builder-row-7 nonhundred-percent-fullwidth non-hundred-percent-height-scrolling\" style=\"--awb-background-position:left top;--awb-border-radius-top-left:0px;--awb-border-radius-top-right:0px;--awb-border-radius-bottom-right:0px;--awb-border-radius-bottom-left:0px;--awb-padding-top:20px;--awb-padding-bottom:20px;--awb-border-sizes-top:0px;--awb-border-sizes-bottom:0px;--awb-flex-wrap:wrap;\" ><div class=\"fusion-builder-row fusion-row\"><div class=\"fusion-layout-column fusion_builder_column fusion-builder-column-7 fusion_builder_column_1_1 1_1 fusion-one-full fusion-column-first fusion-column-last fusion-column-no-min-height\" style=\"--awb-bg-size:cover;--awb-margin-bottom:0px;\"><div class=\"fusion-column-wrapper fusion-flex-column-wrapper-legacy\"><div class=\"fusion-text fusion-text-5\"><p>F\u00fcr die Taschenklappen brauchst Du 24 Oberseiten und 24 Unterseiten.<\/p>\n<\/div><div class=\"fusion-clearfix\"><\/div><\/div><\/div><\/div><\/div><div class=\"fusion-fullwidth fullwidth-box fusion-builder-row-8 nonhundred-percent-fullwidth non-hundred-percent-height-scrolling\" style=\"--awb-border-radius-top-left:0px;--awb-border-radius-top-right:0px;--awb-border-radius-bottom-right:0px;--awb-border-radius-bottom-left:0px;--awb-flex-wrap:wrap;\" ><div class=\"fusion-builder-row fusion-row\"><div class=\"fusion-layout-column fusion_builder_column fusion-builder-column-8 fusion_builder_column_1_2 1_2 fusion-one-half fusion-column-first\" style=\"--awb-bg-size:cover;width:50%;width:calc(50% - ( ( 4% ) * 0.5 ) );margin-right: 4%;\"><div class=\"fusion-column-wrapper fusion-column-has-shadow fusion-flex-column-wrapper-legacy\"><div class=\"fusion-image-element in-legacy-container\" style=\"--awb-caption-title-font-family:var(--h2_typography-font-family);--awb-caption-title-font-weight:var(--h2_typography-font-weight);--awb-caption-title-font-style:var(--h2_typography-font-style);--awb-caption-title-size:var(--h2_typography-font-size);--awb-caption-title-transform:var(--h2_typography-text-transform);--awb-caption-title-line-height:var(--h2_typography-line-height);--awb-caption-title-letter-spacing:var(--h2_typography-letter-spacing);\"><span class=\" fusion-imageframe imageframe-none imageframe-6 hover-type-none\"><a href=\"https:\/\/cheznu.tv\/familymanagement\/wp-content\/uploads\/2020\/10\/Adventskalender-naehen-07-Zahlen.jpg\" class=\"fusion-lightbox\" data-rel=\"iLightbox[1d0c6521bf766736113]\" data-title=\"Adventskalender n\u00e4hen &#8211; 07 Zahlen\" title=\"Adventskalender n\u00e4hen &#8211; 07 Zahlen\"><img decoding=\"async\" width=\"1000\" height=\"756\" alt=\"Adventskalender n\u00e4hen - 07 Zahlen\" src=\"https:\/\/cheznu.tv\/familymanagement\/wp-content\/uploads\/2020\/10\/Adventskalender-naehen-07-Zahlen.jpg\" class=\"img-responsive wp-image-50820\" srcset=\"https:\/\/cheznu.tv\/familymanagement\/wp-content\/uploads\/2020\/10\/Adventskalender-naehen-07-Zahlen-200x151.jpg 200w, https:\/\/cheznu.tv\/familymanagement\/wp-content\/uploads\/2020\/10\/Adventskalender-naehen-07-Zahlen-400x302.jpg 400w, https:\/\/cheznu.tv\/familymanagement\/wp-content\/uploads\/2020\/10\/Adventskalender-naehen-07-Zahlen-600x454.jpg 600w, https:\/\/cheznu.tv\/familymanagement\/wp-content\/uploads\/2020\/10\/Adventskalender-naehen-07-Zahlen-800x605.jpg 800w, https:\/\/cheznu.tv\/familymanagement\/wp-content\/uploads\/2020\/10\/Adventskalender-naehen-07-Zahlen.jpg 1000w\" sizes=\"(max-width: 800px) 100vw, 600px\" \/><\/a><\/span><\/div><div class=\"fusion-clearfix\"><\/div><\/div><\/div><div class=\"fusion-layout-column fusion_builder_column fusion-builder-column-9 fusion_builder_column_1_2 1_2 fusion-one-half fusion-column-last\" style=\"--awb-bg-size:cover;width:50%;width:calc(50% - ( ( 4% ) * 0.5 ) );\"><div class=\"fusion-column-wrapper fusion-column-has-shadow fusion-flex-column-wrapper-legacy\"><div class=\"fusion-image-element in-legacy-container\" style=\"--awb-caption-title-font-family:var(--h2_typography-font-family);--awb-caption-title-font-weight:var(--h2_typography-font-weight);--awb-caption-title-font-style:var(--h2_typography-font-style);--awb-caption-title-size:var(--h2_typography-font-size);--awb-caption-title-transform:var(--h2_typography-text-transform);--awb-caption-title-line-height:var(--h2_typography-line-height);--awb-caption-title-letter-spacing:var(--h2_typography-letter-spacing);\"><span class=\" fusion-imageframe imageframe-none imageframe-7 hover-type-none\"><a href=\"https:\/\/cheznu.tv\/familymanagement\/wp-content\/uploads\/2020\/10\/Adventskalender-naehen-08-Zahlen.jpg\" class=\"fusion-lightbox\" data-rel=\"iLightbox[58fccce68dfb61d451d]\" data-title=\"Adventskalender n\u00e4hen &#8211; 08 Zahlen\" title=\"Adventskalender n\u00e4hen &#8211; 08 Zahlen\"><img decoding=\"async\" width=\"1000\" height=\"667\" alt=\"Adventskalender n\u00e4hen - 08 Zahlen\" src=\"https:\/\/cheznu.tv\/familymanagement\/wp-content\/uploads\/2020\/10\/Adventskalender-naehen-08-Zahlen.jpg\" class=\"img-responsive wp-image-50821\" srcset=\"https:\/\/cheznu.tv\/familymanagement\/wp-content\/uploads\/2020\/10\/Adventskalender-naehen-08-Zahlen-200x133.jpg 200w, https:\/\/cheznu.tv\/familymanagement\/wp-content\/uploads\/2020\/10\/Adventskalender-naehen-08-Zahlen-400x267.jpg 400w, https:\/\/cheznu.tv\/familymanagement\/wp-content\/uploads\/2020\/10\/Adventskalender-naehen-08-Zahlen-600x400.jpg 600w, https:\/\/cheznu.tv\/familymanagement\/wp-content\/uploads\/2020\/10\/Adventskalender-naehen-08-Zahlen-800x534.jpg 800w, https:\/\/cheznu.tv\/familymanagement\/wp-content\/uploads\/2020\/10\/Adventskalender-naehen-08-Zahlen.jpg 1000w\" sizes=\"(max-width: 800px) 100vw, 600px\" \/><\/a><\/span><\/div><div class=\"fusion-clearfix\"><\/div><\/div><\/div><\/div><\/div><div class=\"fusion-fullwidth fullwidth-box fusion-builder-row-9 nonhundred-percent-fullwidth non-hundred-percent-height-scrolling\" style=\"--awb-background-position:left top;--awb-border-radius-top-left:0px;--awb-border-radius-top-right:0px;--awb-border-radius-bottom-right:0px;--awb-border-radius-bottom-left:0px;--awb-padding-top:20px;--awb-padding-bottom:20px;--awb-border-sizes-top:0px;--awb-border-sizes-bottom:0px;--awb-flex-wrap:wrap;\" ><div class=\"fusion-builder-row fusion-row\"><div class=\"fusion-layout-column fusion_builder_column fusion-builder-column-10 fusion_builder_column_1_1 1_1 fusion-one-full fusion-column-first fusion-column-last fusion-column-no-min-height\" style=\"--awb-bg-size:cover;--awb-margin-bottom:0px;\"><div class=\"fusion-column-wrapper fusion-flex-column-wrapper-legacy\"><div class=\"fusion-text fusion-text-6\"><p>Die Zahlen haben wir aus einem Stoff der schon mit Zahlen bedruckt war ausgeschnitten. Es gibt im Handel auch Zahlen zum Aufn\u00e4hen oder Du kannst Zahlen applizieren, K\u00f6pfe in Form von Zahlen. Du kannst die Zahlen mit der N\u00e4hmaschine oder von Hand aufsticken oder sogar mit einem Textilmarker aufzeichnen.<\/p>\n<\/div><div class=\"fusion-title title fusion-title-3 fusion-title-text fusion-title-size-two\" style=\"--awb-margin-top-small:10px;--awb-margin-right-small:0px;--awb-margin-bottom-small:10px;--awb-margin-left-small:0px;\"><h2 class=\"fusion-title-heading title-heading-left\" style=\"margin:0;\">Adventskalender n\u00e4hen<\/h2><span class=\"awb-title-spacer\"><\/span><div class=\"title-sep-container\"><div class=\"title-sep sep-double sep-solid\" style=\"border-color:#e2e2e2;\"><\/div><\/div><\/div><div class=\"fusion-clearfix\"><\/div><\/div><\/div><\/div><\/div><div class=\"fusion-fullwidth fullwidth-box fusion-builder-row-10 nonhundred-percent-fullwidth non-hundred-percent-height-scrolling\" style=\"--awb-border-radius-top-left:0px;--awb-border-radius-top-right:0px;--awb-border-radius-bottom-right:0px;--awb-border-radius-bottom-left:0px;--awb-flex-wrap:wrap;\" ><div class=\"fusion-builder-row fusion-row\"><div class=\"fusion-layout-column fusion_builder_column fusion-builder-column-11 fusion_builder_column_1_3 1_3 fusion-one-third fusion-column-first\" style=\"--awb-bg-size:cover;width:33.333333333333%;width:calc(33.333333333333% - ( ( 4% + 4% ) * 0.33333333333333 ) );margin-right: 4%;\"><div class=\"fusion-column-wrapper fusion-column-has-shadow fusion-flex-column-wrapper-legacy\"><div class=\"fusion-image-element in-legacy-container\" style=\"--awb-caption-title-font-family:var(--h2_typography-font-family);--awb-caption-title-font-weight:var(--h2_typography-font-weight);--awb-caption-title-font-style:var(--h2_typography-font-style);--awb-caption-title-size:var(--h2_typography-font-size);--awb-caption-title-transform:var(--h2_typography-text-transform);--awb-caption-title-line-height:var(--h2_typography-line-height);--awb-caption-title-letter-spacing:var(--h2_typography-letter-spacing);\"><span class=\" fusion-imageframe imageframe-none imageframe-8 hover-type-none\"><a href=\"https:\/\/cheznu.tv\/familymanagement\/wp-content\/uploads\/2020\/10\/Adventskalender-naehen-09-Zahlen-aufnaehen.jpg\" class=\"fusion-lightbox\" data-rel=\"iLightbox[a48b062dcd14a121aa9]\" data-title=\"Adventskalender n\u00e4hen &#8211; 09 Zahlen aufn\u00e4hen\" title=\"Adventskalender n\u00e4hen &#8211; 09 Zahlen aufn\u00e4hen\"><img decoding=\"async\" width=\"1000\" height=\"613\" alt=\"Adventskalender n\u00e4hen - 09 Zahlen aufn\u00e4hen\" src=\"https:\/\/cheznu.tv\/familymanagement\/wp-content\/uploads\/2020\/10\/Adventskalender-naehen-09-Zahlen-aufnaehen.jpg\" class=\"img-responsive wp-image-50822\" srcset=\"https:\/\/cheznu.tv\/familymanagement\/wp-content\/uploads\/2020\/10\/Adventskalender-naehen-09-Zahlen-aufnaehen-200x123.jpg 200w, https:\/\/cheznu.tv\/familymanagement\/wp-content\/uploads\/2020\/10\/Adventskalender-naehen-09-Zahlen-aufnaehen-400x245.jpg 400w, https:\/\/cheznu.tv\/familymanagement\/wp-content\/uploads\/2020\/10\/Adventskalender-naehen-09-Zahlen-aufnaehen-600x368.jpg 600w, https:\/\/cheznu.tv\/familymanagement\/wp-content\/uploads\/2020\/10\/Adventskalender-naehen-09-Zahlen-aufnaehen-800x490.jpg 800w, https:\/\/cheznu.tv\/familymanagement\/wp-content\/uploads\/2020\/10\/Adventskalender-naehen-09-Zahlen-aufnaehen.jpg 1000w\" sizes=\"(max-width: 800px) 100vw, 400px\" \/><\/a><\/span><\/div><div class=\"fusion-clearfix\"><\/div><\/div><\/div><div class=\"fusion-layout-column fusion_builder_column fusion-builder-column-12 fusion_builder_column_1_3 1_3 fusion-one-third\" style=\"--awb-bg-size:cover;width:33.333333333333%;width:calc(33.333333333333% - ( ( 4% + 4% ) * 0.33333333333333 ) );margin-right: 4%;\"><div class=\"fusion-column-wrapper fusion-column-has-shadow fusion-flex-column-wrapper-legacy\"><div class=\"fusion-image-element in-legacy-container\" style=\"--awb-caption-title-font-family:var(--h2_typography-font-family);--awb-caption-title-font-weight:var(--h2_typography-font-weight);--awb-caption-title-font-style:var(--h2_typography-font-style);--awb-caption-title-size:var(--h2_typography-font-size);--awb-caption-title-transform:var(--h2_typography-text-transform);--awb-caption-title-line-height:var(--h2_typography-line-height);--awb-caption-title-letter-spacing:var(--h2_typography-letter-spacing);\"><span class=\" fusion-imageframe imageframe-none imageframe-9 hover-type-none\"><a href=\"https:\/\/cheznu.tv\/familymanagement\/wp-content\/uploads\/2020\/10\/Adventskalender-naehen-10-Zahlen-aufnaehen.jpg\" class=\"fusion-lightbox\" data-rel=\"iLightbox[87ed1c373e169adcec9]\" data-title=\"Adventskalender n\u00e4hen &#8211; 10 Zahlen aufn\u00e4hen\" title=\"Adventskalender n\u00e4hen &#8211; 10 Zahlen aufn\u00e4hen\"><img decoding=\"async\" width=\"1000\" height=\"651\" alt=\"Adventskalender n\u00e4hen - 10 Zahlen aufn\u00e4hen\" src=\"https:\/\/cheznu.tv\/familymanagement\/wp-content\/uploads\/2020\/10\/Adventskalender-naehen-10-Zahlen-aufnaehen.jpg\" class=\"img-responsive wp-image-50823\" srcset=\"https:\/\/cheznu.tv\/familymanagement\/wp-content\/uploads\/2020\/10\/Adventskalender-naehen-10-Zahlen-aufnaehen-200x130.jpg 200w, https:\/\/cheznu.tv\/familymanagement\/wp-content\/uploads\/2020\/10\/Adventskalender-naehen-10-Zahlen-aufnaehen-400x260.jpg 400w, https:\/\/cheznu.tv\/familymanagement\/wp-content\/uploads\/2020\/10\/Adventskalender-naehen-10-Zahlen-aufnaehen-600x391.jpg 600w, https:\/\/cheznu.tv\/familymanagement\/wp-content\/uploads\/2020\/10\/Adventskalender-naehen-10-Zahlen-aufnaehen-800x521.jpg 800w, https:\/\/cheznu.tv\/familymanagement\/wp-content\/uploads\/2020\/10\/Adventskalender-naehen-10-Zahlen-aufnaehen.jpg 1000w\" sizes=\"(max-width: 800px) 100vw, 400px\" \/><\/a><\/span><\/div><div class=\"fusion-clearfix\"><\/div><\/div><\/div><div class=\"fusion-layout-column fusion_builder_column fusion-builder-column-13 fusion_builder_column_1_3 1_3 fusion-one-third fusion-column-last\" style=\"--awb-bg-size:cover;width:33.333333333333%;width:calc(33.333333333333% - ( ( 4% + 4% ) * 0.33333333333333 ) );\"><div class=\"fusion-column-wrapper fusion-column-has-shadow fusion-flex-column-wrapper-legacy\"><div class=\"fusion-image-element in-legacy-container\" style=\"--awb-caption-title-font-family:var(--h2_typography-font-family);--awb-caption-title-font-weight:var(--h2_typography-font-weight);--awb-caption-title-font-style:var(--h2_typography-font-style);--awb-caption-title-size:var(--h2_typography-font-size);--awb-caption-title-transform:var(--h2_typography-text-transform);--awb-caption-title-line-height:var(--h2_typography-line-height);--awb-caption-title-letter-spacing:var(--h2_typography-letter-spacing);\"><span class=\" fusion-imageframe imageframe-none imageframe-10 hover-type-none\"><a href=\"https:\/\/cheznu.tv\/familymanagement\/wp-content\/uploads\/2020\/10\/Adventskalender-naehen-11-Zahlen-aufnaehen.jpg\" class=\"fusion-lightbox\" data-rel=\"iLightbox[b95fa2936b6251a1b6f]\" data-title=\"Adventskalender n\u00e4hen &#8211; 11 Zahlen aufn\u00e4hen\" title=\"Adventskalender n\u00e4hen &#8211; 11 Zahlen aufn\u00e4hen\"><img decoding=\"async\" width=\"1000\" height=\"611\" alt=\"Adventskalender n\u00e4hen - 11 Zahlen aufn\u00e4hen\" src=\"https:\/\/cheznu.tv\/familymanagement\/wp-content\/uploads\/2020\/10\/Adventskalender-naehen-11-Zahlen-aufnaehen.jpg\" class=\"img-responsive wp-image-50824\" srcset=\"https:\/\/cheznu.tv\/familymanagement\/wp-content\/uploads\/2020\/10\/Adventskalender-naehen-11-Zahlen-aufnaehen-200x122.jpg 200w, https:\/\/cheznu.tv\/familymanagement\/wp-content\/uploads\/2020\/10\/Adventskalender-naehen-11-Zahlen-aufnaehen-400x244.jpg 400w, https:\/\/cheznu.tv\/familymanagement\/wp-content\/uploads\/2020\/10\/Adventskalender-naehen-11-Zahlen-aufnaehen-600x367.jpg 600w, https:\/\/cheznu.tv\/familymanagement\/wp-content\/uploads\/2020\/10\/Adventskalender-naehen-11-Zahlen-aufnaehen-800x489.jpg 800w, https:\/\/cheznu.tv\/familymanagement\/wp-content\/uploads\/2020\/10\/Adventskalender-naehen-11-Zahlen-aufnaehen.jpg 1000w\" sizes=\"(max-width: 800px) 100vw, 400px\" \/><\/a><\/span><\/div><div class=\"fusion-clearfix\"><\/div><\/div><\/div><\/div><\/div><div class=\"fusion-fullwidth fullwidth-box fusion-builder-row-11 nonhundred-percent-fullwidth non-hundred-percent-height-scrolling\" style=\"--awb-background-position:left top;--awb-border-radius-top-left:0px;--awb-border-radius-top-right:0px;--awb-border-radius-bottom-right:0px;--awb-border-radius-bottom-left:0px;--awb-padding-top:20px;--awb-padding-bottom:20px;--awb-border-sizes-top:0px;--awb-border-sizes-bottom:0px;--awb-flex-wrap:wrap;\" ><div class=\"fusion-builder-row fusion-row\"><div class=\"fusion-layout-column fusion_builder_column fusion-builder-column-14 fusion_builder_column_1_1 1_1 fusion-one-full fusion-column-first fusion-column-last fusion-column-no-min-height\" style=\"--awb-bg-size:cover;--awb-margin-bottom:0px;\"><div class=\"fusion-column-wrapper fusion-flex-column-wrapper-legacy\"><div class=\"fusion-text fusion-text-7\"><p>Die Zahlen haben wir mit dem Applikationsstich auf die Vorderseite der Klappe aufgen\u00e4ht. Zick-Zack-Stich w\u00e4re auch ok.<\/p>\n<p>Der Look hat uns besonders gut gefallen. Die verschiedenen rot gemusterten Stoff waren irgendwie s\u00fcss.<\/p>\n<p>Wenn alle Klappen mit Zahlen versehen sind, wird die R\u00fcckseite rechts auf rechts aufgen\u00e4ht. N\u00e4he nur die Rundung, Die gerade Seite bleibt offen. Nach dem Wenden kannst Du das ganze noch sch\u00f6n ausb\u00fcgeln.<\/p>\n<\/div><div class=\"fusion-image-element in-legacy-container\" style=\"--awb-caption-title-font-family:var(--h2_typography-font-family);--awb-caption-title-font-weight:var(--h2_typography-font-weight);--awb-caption-title-font-style:var(--h2_typography-font-style);--awb-caption-title-size:var(--h2_typography-font-size);--awb-caption-title-transform:var(--h2_typography-text-transform);--awb-caption-title-line-height:var(--h2_typography-line-height);--awb-caption-title-letter-spacing:var(--h2_typography-letter-spacing);\"><span class=\" fusion-imageframe imageframe-none imageframe-11 hover-type-none\"><a href=\"https:\/\/cheznu.tv\/familymanagement\/wp-content\/uploads\/2020\/10\/Adventskalender-naehen-12-Taschen-naehen.jpg\" class=\"fusion-lightbox\" data-rel=\"iLightbox[06f6ff5d5760c4490ad]\" data-title=\"Adventskalender n\u00e4hen &#8211; 12 Taschen n\u00e4hen\" title=\"Adventskalender n\u00e4hen &#8211; 12 Taschen n\u00e4hen\"><img decoding=\"async\" width=\"1000\" height=\"662\" alt=\"Adventskalender n\u00e4hen - 12 Taschen n\u00e4hen\" src=\"https:\/\/cheznu.tv\/familymanagement\/wp-content\/uploads\/2020\/10\/Adventskalender-naehen-12-Taschen-naehen.jpg\" class=\"img-responsive wp-image-50825\" srcset=\"https:\/\/cheznu.tv\/familymanagement\/wp-content\/uploads\/2020\/10\/Adventskalender-naehen-12-Taschen-naehen-200x132.jpg 200w, https:\/\/cheznu.tv\/familymanagement\/wp-content\/uploads\/2020\/10\/Adventskalender-naehen-12-Taschen-naehen-400x265.jpg 400w, https:\/\/cheznu.tv\/familymanagement\/wp-content\/uploads\/2020\/10\/Adventskalender-naehen-12-Taschen-naehen-600x397.jpg 600w, https:\/\/cheznu.tv\/familymanagement\/wp-content\/uploads\/2020\/10\/Adventskalender-naehen-12-Taschen-naehen-800x530.jpg 800w, https:\/\/cheznu.tv\/familymanagement\/wp-content\/uploads\/2020\/10\/Adventskalender-naehen-12-Taschen-naehen.jpg 1000w\" sizes=\"(max-width: 800px) 100vw, 1000px\" \/><\/a><\/span><\/div><div class=\"fusion-clearfix\"><\/div><\/div><\/div><\/div><\/div><div class=\"fusion-fullwidth fullwidth-box fusion-builder-row-12 nonhundred-percent-fullwidth non-hundred-percent-height-scrolling\" style=\"--awb-background-position:left top;--awb-border-radius-top-left:0px;--awb-border-radius-top-right:0px;--awb-border-radius-bottom-right:0px;--awb-border-radius-bottom-left:0px;--awb-padding-top:20px;--awb-padding-bottom:20px;--awb-border-sizes-top:0px;--awb-border-sizes-bottom:0px;--awb-flex-wrap:wrap;\" ><div class=\"fusion-builder-row fusion-row\"><div class=\"fusion-layout-column fusion_builder_column fusion-builder-column-15 fusion_builder_column_1_1 1_1 fusion-one-full fusion-column-first fusion-column-last fusion-column-no-min-height\" style=\"--awb-bg-size:cover;--awb-margin-bottom:0px;\"><div class=\"fusion-column-wrapper fusion-flex-column-wrapper-legacy\"><div class=\"fusion-text fusion-text-8\"><p>Die Taschenstreifen werden halbiert, wenn sie im Stoffbruch zugeschnitten sind oder immer 2 der L\u00e4nge nach zusammengen\u00e4ht, wenn sie aus je 2 Teilen bestehen.<\/p>\n<\/div><div class=\"fusion-image-element in-legacy-container\" style=\"--awb-caption-title-font-family:var(--h2_typography-font-family);--awb-caption-title-font-weight:var(--h2_typography-font-weight);--awb-caption-title-font-style:var(--h2_typography-font-style);--awb-caption-title-size:var(--h2_typography-font-size);--awb-caption-title-transform:var(--h2_typography-text-transform);--awb-caption-title-line-height:var(--h2_typography-line-height);--awb-caption-title-letter-spacing:var(--h2_typography-letter-spacing);\"><span class=\" fusion-imageframe imageframe-none imageframe-12 hover-type-none\"><a href=\"https:\/\/cheznu.tv\/familymanagement\/wp-content\/uploads\/2020\/10\/Adventskalender-naehen-13-Taschen-markieren.jpg\" class=\"fusion-lightbox\" data-rel=\"iLightbox[f4f87e788194a5b43f3]\" data-title=\"Adventskalender n\u00e4hen &#8211; 13 Taschen markieren\" title=\"Adventskalender n\u00e4hen &#8211; 13 Taschen markieren\"><img decoding=\"async\" width=\"1000\" height=\"758\" alt=\"Adventskalender n\u00e4hen - 13 Taschen markieren\" src=\"https:\/\/cheznu.tv\/familymanagement\/wp-content\/uploads\/2020\/10\/Adventskalender-naehen-13-Taschen-markieren.jpg\" class=\"img-responsive wp-image-50826\" srcset=\"https:\/\/cheznu.tv\/familymanagement\/wp-content\/uploads\/2020\/10\/Adventskalender-naehen-13-Taschen-markieren-200x152.jpg 200w, https:\/\/cheznu.tv\/familymanagement\/wp-content\/uploads\/2020\/10\/Adventskalender-naehen-13-Taschen-markieren-400x303.jpg 400w, https:\/\/cheznu.tv\/familymanagement\/wp-content\/uploads\/2020\/10\/Adventskalender-naehen-13-Taschen-markieren-600x455.jpg 600w, https:\/\/cheznu.tv\/familymanagement\/wp-content\/uploads\/2020\/10\/Adventskalender-naehen-13-Taschen-markieren-800x606.jpg 800w, https:\/\/cheznu.tv\/familymanagement\/wp-content\/uploads\/2020\/10\/Adventskalender-naehen-13-Taschen-markieren.jpg 1000w\" sizes=\"(max-width: 800px) 100vw, 1000px\" \/><\/a><\/span><\/div><div class=\"fusion-clearfix\"><\/div><\/div><\/div><\/div><\/div><div class=\"fusion-fullwidth fullwidth-box fusion-builder-row-13 nonhundred-percent-fullwidth non-hundred-percent-height-scrolling\" style=\"--awb-background-position:left top;--awb-border-radius-top-left:0px;--awb-border-radius-top-right:0px;--awb-border-radius-bottom-right:0px;--awb-border-radius-bottom-left:0px;--awb-padding-top:20px;--awb-padding-bottom:20px;--awb-border-sizes-top:0px;--awb-border-sizes-bottom:0px;--awb-flex-wrap:wrap;\" ><div class=\"fusion-builder-row fusion-row\"><div class=\"fusion-layout-column fusion_builder_column fusion-builder-column-16 fusion_builder_column_1_1 1_1 fusion-one-full fusion-column-first fusion-column-last fusion-column-no-min-height\" style=\"--awb-bg-size:cover;--awb-margin-bottom:0px;\"><div class=\"fusion-column-wrapper fusion-flex-column-wrapper-legacy\"><div class=\"fusion-text fusion-text-9\"><p>Zeichne jetzt mit Hilfe der Knipse die Taschenfelder mit Schneiderkride auf. Das erleichtert Dir die Einteilung der einzelnen T\u00e4schchen.<\/p>\n<\/div><div class=\"fusion-clearfix\"><\/div><\/div><\/div><\/div><\/div><div class=\"fusion-fullwidth fullwidth-box fusion-builder-row-14 nonhundred-percent-fullwidth non-hundred-percent-height-scrolling\" style=\"--awb-border-radius-top-left:0px;--awb-border-radius-top-right:0px;--awb-border-radius-bottom-right:0px;--awb-border-radius-bottom-left:0px;--awb-flex-wrap:wrap;\" ><div class=\"fusion-builder-row fusion-row\"><div class=\"fusion-layout-column fusion_builder_column fusion-builder-column-17 fusion_builder_column_1_2 1_2 fusion-one-half fusion-column-first\" style=\"--awb-bg-size:cover;width:50%;width:calc(50% - ( ( 4% ) * 0.5 ) );margin-right: 4%;\"><div class=\"fusion-column-wrapper fusion-column-has-shadow fusion-flex-column-wrapper-legacy\"><div class=\"fusion-image-element in-legacy-container\" style=\"--awb-caption-title-font-family:var(--h2_typography-font-family);--awb-caption-title-font-weight:var(--h2_typography-font-weight);--awb-caption-title-font-style:var(--h2_typography-font-style);--awb-caption-title-size:var(--h2_typography-font-size);--awb-caption-title-transform:var(--h2_typography-text-transform);--awb-caption-title-line-height:var(--h2_typography-line-height);--awb-caption-title-letter-spacing:var(--h2_typography-letter-spacing);\"><span class=\" fusion-imageframe imageframe-none imageframe-13 hover-type-none\"><a href=\"https:\/\/cheznu.tv\/familymanagement\/wp-content\/uploads\/2020\/10\/Adventskalender-naehen-14-Taschen-aufnaehen.jpg\" class=\"fusion-lightbox\" data-rel=\"iLightbox[ed06eb44759cac4f375]\" data-title=\"Adventskalender n\u00e4hen &#8211; 14 Taschen aufn\u00e4hen\" title=\"Adventskalender n\u00e4hen &#8211; 14 Taschen aufn\u00e4hen\"><img decoding=\"async\" width=\"1000\" height=\"563\" alt=\"Adventskalender n\u00e4hen - 14 Taschen aufn\u00e4hen\" src=\"https:\/\/cheznu.tv\/familymanagement\/wp-content\/uploads\/2020\/10\/Adventskalender-naehen-14-Taschen-aufnaehen.jpg\" class=\"img-responsive wp-image-50827\" srcset=\"https:\/\/cheznu.tv\/familymanagement\/wp-content\/uploads\/2020\/10\/Adventskalender-naehen-14-Taschen-aufnaehen-200x113.jpg 200w, https:\/\/cheznu.tv\/familymanagement\/wp-content\/uploads\/2020\/10\/Adventskalender-naehen-14-Taschen-aufnaehen-400x225.jpg 400w, https:\/\/cheznu.tv\/familymanagement\/wp-content\/uploads\/2020\/10\/Adventskalender-naehen-14-Taschen-aufnaehen-600x338.jpg 600w, https:\/\/cheznu.tv\/familymanagement\/wp-content\/uploads\/2020\/10\/Adventskalender-naehen-14-Taschen-aufnaehen-800x450.jpg 800w, https:\/\/cheznu.tv\/familymanagement\/wp-content\/uploads\/2020\/10\/Adventskalender-naehen-14-Taschen-aufnaehen.jpg 1000w\" sizes=\"(max-width: 800px) 100vw, 600px\" \/><\/a><\/span><\/div><div class=\"fusion-clearfix\"><\/div><\/div><\/div><div class=\"fusion-layout-column fusion_builder_column fusion-builder-column-18 fusion_builder_column_1_2 1_2 fusion-one-half fusion-column-last\" style=\"--awb-bg-size:cover;width:50%;width:calc(50% - ( ( 4% ) * 0.5 ) );\"><div class=\"fusion-column-wrapper fusion-column-has-shadow fusion-flex-column-wrapper-legacy\"><div class=\"fusion-image-element in-legacy-container\" style=\"--awb-caption-title-font-family:var(--h2_typography-font-family);--awb-caption-title-font-weight:var(--h2_typography-font-weight);--awb-caption-title-font-style:var(--h2_typography-font-style);--awb-caption-title-size:var(--h2_typography-font-size);--awb-caption-title-transform:var(--h2_typography-text-transform);--awb-caption-title-line-height:var(--h2_typography-line-height);--awb-caption-title-letter-spacing:var(--h2_typography-letter-spacing);\"><span class=\" fusion-imageframe imageframe-none imageframe-14 hover-type-none\"><a href=\"https:\/\/cheznu.tv\/familymanagement\/wp-content\/uploads\/2020\/10\/Adventskalender-naehen-5-Taschen-aufnaehen.jpg\" class=\"fusion-lightbox\" data-rel=\"iLightbox[5eb3643235eaeae043a]\" data-title=\"Adventskalender n\u00e4hen &#8211; 5 Taschen aufn\u00e4hen\" title=\"Adventskalender n\u00e4hen &#8211; 5 Taschen aufn\u00e4hen\"><img decoding=\"async\" width=\"1000\" height=\"552\" alt=\"Adventskalender n\u00e4hen - 5 Taschen aufn\u00e4hen\" src=\"https:\/\/cheznu.tv\/familymanagement\/wp-content\/uploads\/2020\/10\/Adventskalender-naehen-5-Taschen-aufnaehen.jpg\" class=\"img-responsive wp-image-50818\" srcset=\"https:\/\/cheznu.tv\/familymanagement\/wp-content\/uploads\/2020\/10\/Adventskalender-naehen-5-Taschen-aufnaehen-200x110.jpg 200w, https:\/\/cheznu.tv\/familymanagement\/wp-content\/uploads\/2020\/10\/Adventskalender-naehen-5-Taschen-aufnaehen-400x221.jpg 400w, https:\/\/cheznu.tv\/familymanagement\/wp-content\/uploads\/2020\/10\/Adventskalender-naehen-5-Taschen-aufnaehen-600x331.jpg 600w, https:\/\/cheznu.tv\/familymanagement\/wp-content\/uploads\/2020\/10\/Adventskalender-naehen-5-Taschen-aufnaehen-800x442.jpg 800w, https:\/\/cheznu.tv\/familymanagement\/wp-content\/uploads\/2020\/10\/Adventskalender-naehen-5-Taschen-aufnaehen.jpg 1000w\" sizes=\"(max-width: 800px) 100vw, 600px\" \/><\/a><\/span><\/div><div class=\"fusion-clearfix\"><\/div><\/div><\/div><\/div><\/div><div class=\"fusion-fullwidth fullwidth-box fusion-builder-row-15 nonhundred-percent-fullwidth non-hundred-percent-height-scrolling\" style=\"--awb-background-position:left top;--awb-border-radius-top-left:0px;--awb-border-radius-top-right:0px;--awb-border-radius-bottom-right:0px;--awb-border-radius-bottom-left:0px;--awb-padding-top:20px;--awb-padding-bottom:20px;--awb-border-sizes-top:0px;--awb-border-sizes-bottom:0px;--awb-flex-wrap:wrap;\" ><div class=\"fusion-builder-row fusion-row\"><div class=\"fusion-layout-column fusion_builder_column fusion-builder-column-19 fusion_builder_column_1_1 1_1 fusion-one-full fusion-column-first fusion-column-last fusion-column-no-min-height\" style=\"--awb-bg-size:cover;--awb-margin-bottom:0px;\"><div class=\"fusion-column-wrapper fusion-flex-column-wrapper-legacy\"><div class=\"fusion-text fusion-text-10\"><p>Im n\u00e4chsten Schritt werden die Klappen und die Taschenstreifen auf die Basis gen\u00e4ht.<\/p>\n<p>In der 1. Reihe werden oben die Klappen angen\u00e4ht. Daf\u00fcr legst Du sie mittig oben auf die eingezeichneten Felder. Die Klappen sind etwas kleiner als die Felder.<\/p>\n<p>In der 2. Reihe legst Du die Klappen wieder genau so auf die obere Linie der Felder, den Taschenstreifen n\u00e4hst du mit an. Lege ihn nach unten.<\/p>\n<p>Nach dem N\u00e4hen klappst Du den Taschenstreifen nach oben und steckst ihn fest.<\/p>\n<p>Das machst Du auch in der 3. und 4. Reihe so.<\/p>\n<p>Ganz unten n\u00e4hst du nur noch den Taschenstreifen an. Achte beim unteren Taschenstreifen, dass er Dir nicht zu hoch wird, weil Du ihn nicht umklappen musst sondern gleich mit der rechten Seite nach vorne n\u00e4hst.<\/p>\n<p>B\u00fcgle alle Taschenstreifen nach oben.<\/p>\n<\/div><div class=\"fusion-clearfix\"><\/div><\/div><\/div><\/div><\/div><div class=\"fusion-fullwidth fullwidth-box fusion-builder-row-16 nonhundred-percent-fullwidth non-hundred-percent-height-scrolling\" style=\"--awb-border-radius-top-left:0px;--awb-border-radius-top-right:0px;--awb-border-radius-bottom-right:0px;--awb-border-radius-bottom-left:0px;--awb-flex-wrap:wrap;\" ><div class=\"fusion-builder-row fusion-row\"><div class=\"fusion-layout-column fusion_builder_column fusion-builder-column-20 fusion_builder_column_1_3 1_3 fusion-one-third fusion-column-first\" style=\"--awb-bg-size:cover;width:33.333333333333%;width:calc(33.333333333333% - ( ( 4% + 4% ) * 0.33333333333333 ) );margin-right: 4%;\"><div class=\"fusion-column-wrapper fusion-column-has-shadow fusion-flex-column-wrapper-legacy\"><div class=\"fusion-image-element in-legacy-container\" style=\"--awb-caption-title-font-family:var(--h2_typography-font-family);--awb-caption-title-font-weight:var(--h2_typography-font-weight);--awb-caption-title-font-style:var(--h2_typography-font-style);--awb-caption-title-size:var(--h2_typography-font-size);--awb-caption-title-transform:var(--h2_typography-text-transform);--awb-caption-title-line-height:var(--h2_typography-line-height);--awb-caption-title-letter-spacing:var(--h2_typography-letter-spacing);\"><span class=\" fusion-imageframe imageframe-none imageframe-15 hover-type-none\"><a href=\"https:\/\/cheznu.tv\/familymanagement\/wp-content\/uploads\/2020\/10\/Adventskalender-naehen-15-Taschen-aufnaehen.jpg\" class=\"fusion-lightbox\" data-rel=\"iLightbox[338f327ce2b07c54d34]\" data-title=\"Adventskalender n\u00e4hen &#8211; 15 Taschen aufn\u00e4hen\" title=\"Adventskalender n\u00e4hen &#8211; 15 Taschen aufn\u00e4hen\"><img decoding=\"async\" width=\"1000\" height=\"1034\" alt=\"Adventskalender n\u00e4hen - 15 Taschen aufn\u00e4hen\" src=\"https:\/\/cheznu.tv\/familymanagement\/wp-content\/uploads\/2020\/10\/Adventskalender-naehen-15-Taschen-aufnaehen.jpg\" class=\"img-responsive wp-image-50828\" srcset=\"https:\/\/cheznu.tv\/familymanagement\/wp-content\/uploads\/2020\/10\/Adventskalender-naehen-15-Taschen-aufnaehen-200x207.jpg 200w, https:\/\/cheznu.tv\/familymanagement\/wp-content\/uploads\/2020\/10\/Adventskalender-naehen-15-Taschen-aufnaehen-400x414.jpg 400w, https:\/\/cheznu.tv\/familymanagement\/wp-content\/uploads\/2020\/10\/Adventskalender-naehen-15-Taschen-aufnaehen-600x620.jpg 600w, https:\/\/cheznu.tv\/familymanagement\/wp-content\/uploads\/2020\/10\/Adventskalender-naehen-15-Taschen-aufnaehen-800x827.jpg 800w, https:\/\/cheznu.tv\/familymanagement\/wp-content\/uploads\/2020\/10\/Adventskalender-naehen-15-Taschen-aufnaehen.jpg 1000w\" sizes=\"(max-width: 800px) 100vw, 400px\" \/><\/a><\/span><\/div><div class=\"fusion-clearfix\"><\/div><\/div><\/div><div class=\"fusion-layout-column fusion_builder_column fusion-builder-column-21 fusion_builder_column_1_3 1_3 fusion-one-third\" style=\"--awb-bg-size:cover;width:33.333333333333%;width:calc(33.333333333333% - ( ( 4% + 4% ) * 0.33333333333333 ) );margin-right: 4%;\"><div class=\"fusion-column-wrapper fusion-column-has-shadow fusion-flex-column-wrapper-legacy\"><div class=\"fusion-image-element in-legacy-container\" style=\"--awb-caption-title-font-family:var(--h2_typography-font-family);--awb-caption-title-font-weight:var(--h2_typography-font-weight);--awb-caption-title-font-style:var(--h2_typography-font-style);--awb-caption-title-size:var(--h2_typography-font-size);--awb-caption-title-transform:var(--h2_typography-text-transform);--awb-caption-title-line-height:var(--h2_typography-line-height);--awb-caption-title-letter-spacing:var(--h2_typography-letter-spacing);\"><span class=\" fusion-imageframe imageframe-none imageframe-16 hover-type-none\"><a href=\"https:\/\/cheznu.tv\/familymanagement\/wp-content\/uploads\/2020\/10\/Adventskalender-naehen-16-Taschen-absteppen.jpg\" class=\"fusion-lightbox\" data-rel=\"iLightbox[c5ffd0f07e0c1e31aeb]\" data-title=\"Adventskalender n\u00e4hen &#8211; 16 Taschen absteppen\" title=\"Adventskalender n\u00e4hen &#8211; 16 Taschen absteppen\"><img decoding=\"async\" width=\"1000\" height=\"834\" alt=\"Adventskalender n\u00e4hen - 16 Taschen absteppen\" src=\"https:\/\/cheznu.tv\/familymanagement\/wp-content\/uploads\/2020\/10\/Adventskalender-naehen-16-Taschen-absteppen.jpg\" class=\"img-responsive wp-image-50829\" srcset=\"https:\/\/cheznu.tv\/familymanagement\/wp-content\/uploads\/2020\/10\/Adventskalender-naehen-16-Taschen-absteppen-200x167.jpg 200w, https:\/\/cheznu.tv\/familymanagement\/wp-content\/uploads\/2020\/10\/Adventskalender-naehen-16-Taschen-absteppen-400x334.jpg 400w, https:\/\/cheznu.tv\/familymanagement\/wp-content\/uploads\/2020\/10\/Adventskalender-naehen-16-Taschen-absteppen-600x500.jpg 600w, https:\/\/cheznu.tv\/familymanagement\/wp-content\/uploads\/2020\/10\/Adventskalender-naehen-16-Taschen-absteppen-800x667.jpg 800w, https:\/\/cheznu.tv\/familymanagement\/wp-content\/uploads\/2020\/10\/Adventskalender-naehen-16-Taschen-absteppen.jpg 1000w\" sizes=\"(max-width: 800px) 100vw, 400px\" \/><\/a><\/span><\/div><div class=\"fusion-clearfix\"><\/div><\/div><\/div><div class=\"fusion-layout-column fusion_builder_column fusion-builder-column-22 fusion_builder_column_1_3 1_3 fusion-one-third fusion-column-last\" style=\"--awb-bg-size:cover;width:33.333333333333%;width:calc(33.333333333333% - ( ( 4% + 4% ) * 0.33333333333333 ) );\"><div class=\"fusion-column-wrapper fusion-column-has-shadow fusion-flex-column-wrapper-legacy\"><div class=\"fusion-image-element in-legacy-container\" style=\"--awb-caption-title-font-family:var(--h2_typography-font-family);--awb-caption-title-font-weight:var(--h2_typography-font-weight);--awb-caption-title-font-style:var(--h2_typography-font-style);--awb-caption-title-size:var(--h2_typography-font-size);--awb-caption-title-transform:var(--h2_typography-text-transform);--awb-caption-title-line-height:var(--h2_typography-line-height);--awb-caption-title-letter-spacing:var(--h2_typography-letter-spacing);\"><span class=\" fusion-imageframe imageframe-none imageframe-17 hover-type-none\"><a href=\"https:\/\/cheznu.tv\/familymanagement\/wp-content\/uploads\/2020\/10\/Adventskalender-naehen-17-Taschen-absteppen.jpg\" class=\"fusion-lightbox\" data-rel=\"iLightbox[77e0d3d339ec0c68a97]\" data-title=\"Adventskalender n\u00e4hen &#8211; 17 Taschen absteppen\" title=\"Adventskalender n\u00e4hen &#8211; 17 Taschen absteppen\"><img decoding=\"async\" width=\"1000\" height=\"945\" alt=\"Adventskalender n\u00e4hen - 17 Taschen absteppen\" src=\"https:\/\/cheznu.tv\/familymanagement\/wp-content\/uploads\/2020\/10\/Adventskalender-naehen-17-Taschen-absteppen.jpg\" class=\"img-responsive wp-image-50830\" srcset=\"https:\/\/cheznu.tv\/familymanagement\/wp-content\/uploads\/2020\/10\/Adventskalender-naehen-17-Taschen-absteppen-200x189.jpg 200w, https:\/\/cheznu.tv\/familymanagement\/wp-content\/uploads\/2020\/10\/Adventskalender-naehen-17-Taschen-absteppen-400x378.jpg 400w, https:\/\/cheznu.tv\/familymanagement\/wp-content\/uploads\/2020\/10\/Adventskalender-naehen-17-Taschen-absteppen-600x567.jpg 600w, https:\/\/cheznu.tv\/familymanagement\/wp-content\/uploads\/2020\/10\/Adventskalender-naehen-17-Taschen-absteppen-800x756.jpg 800w, https:\/\/cheznu.tv\/familymanagement\/wp-content\/uploads\/2020\/10\/Adventskalender-naehen-17-Taschen-absteppen.jpg 1000w\" sizes=\"(max-width: 800px) 100vw, 400px\" \/><\/a><\/span><\/div><div class=\"fusion-clearfix\"><\/div><\/div><\/div><\/div><\/div><div class=\"fusion-fullwidth fullwidth-box fusion-builder-row-17 nonhundred-percent-fullwidth non-hundred-percent-height-scrolling\" style=\"--awb-background-position:left top;--awb-border-radius-top-left:0px;--awb-border-radius-top-right:0px;--awb-border-radius-bottom-right:0px;--awb-border-radius-bottom-left:0px;--awb-padding-top:20px;--awb-padding-bottom:20px;--awb-border-sizes-top:0px;--awb-border-sizes-bottom:0px;--awb-flex-wrap:wrap;\" ><div class=\"fusion-builder-row fusion-row\"><div class=\"fusion-layout-column fusion_builder_column fusion-builder-column-23 fusion_builder_column_1_1 1_1 fusion-one-full fusion-column-first fusion-column-last fusion-column-no-min-height\" style=\"--awb-bg-size:cover;--awb-margin-bottom:0px;\"><div class=\"fusion-column-wrapper fusion-flex-column-wrapper-legacy\"><div class=\"fusion-text fusion-text-11\"><p>Wenn alles gut geb\u00fcgelt und festgesteckt ist, kannst du Dir wieder mit Hilfe der Knipse die Nahtlinien f\u00fcr die Taschen aufzeichnen und sie im gezeigten Bereich unterteilen und festn\u00e4hen. Mach die N\u00e4hte auch am Rand in der Nahtzugabe. Jetzt kann Dir bei der weiteren Verarbeitung nichts mehr verrutschen.<\/p>\n<\/div><div class=\"fusion-title title fusion-title-4 fusion-title-text fusion-title-size-two\" style=\"--awb-margin-top-small:10px;--awb-margin-right-small:0px;--awb-margin-bottom-small:10px;--awb-margin-left-small:0px;\"><h2 class=\"fusion-title-heading title-heading-left\" style=\"margin:0;\">Rahmen n\u00e4hen<\/h2><span class=\"awb-title-spacer\"><\/span><div class=\"title-sep-container\"><div class=\"title-sep sep-double sep-solid\" style=\"border-color:#e2e2e2;\"><\/div><\/div><\/div><div class=\"fusion-image-element in-legacy-container\" style=\"--awb-caption-title-font-family:var(--h2_typography-font-family);--awb-caption-title-font-weight:var(--h2_typography-font-weight);--awb-caption-title-font-style:var(--h2_typography-font-style);--awb-caption-title-size:var(--h2_typography-font-size);--awb-caption-title-transform:var(--h2_typography-text-transform);--awb-caption-title-line-height:var(--h2_typography-line-height);--awb-caption-title-letter-spacing:var(--h2_typography-letter-spacing);\"><span class=\" fusion-imageframe imageframe-none imageframe-18 hover-type-none\"><a href=\"https:\/\/cheznu.tv\/familymanagement\/wp-content\/uploads\/2020\/10\/Adventskalender-naehen-18-Rahmen-annaehen.jpg\" class=\"fusion-lightbox\" data-rel=\"iLightbox[a914e69da85ef63e52e]\" data-title=\"Adventskalender n\u00e4hen &#8211; 18 Rahmen ann\u00e4hen\" title=\"Adventskalender n\u00e4hen &#8211; 18 Rahmen ann\u00e4hen\"><img decoding=\"async\" width=\"1000\" height=\"882\" alt=\"Adventskalender n\u00e4hen - 18 Rahmen ann\u00e4hen\" src=\"https:\/\/cheznu.tv\/familymanagement\/wp-content\/uploads\/2020\/10\/Adventskalender-naehen-18-Rahmen-annaehen.jpg\" class=\"img-responsive wp-image-50831\" srcset=\"https:\/\/cheznu.tv\/familymanagement\/wp-content\/uploads\/2020\/10\/Adventskalender-naehen-18-Rahmen-annaehen-200x176.jpg 200w, https:\/\/cheznu.tv\/familymanagement\/wp-content\/uploads\/2020\/10\/Adventskalender-naehen-18-Rahmen-annaehen-400x353.jpg 400w, https:\/\/cheznu.tv\/familymanagement\/wp-content\/uploads\/2020\/10\/Adventskalender-naehen-18-Rahmen-annaehen-600x529.jpg 600w, https:\/\/cheznu.tv\/familymanagement\/wp-content\/uploads\/2020\/10\/Adventskalender-naehen-18-Rahmen-annaehen-800x706.jpg 800w, https:\/\/cheznu.tv\/familymanagement\/wp-content\/uploads\/2020\/10\/Adventskalender-naehen-18-Rahmen-annaehen.jpg 1000w\" sizes=\"(max-width: 800px) 100vw, 1000px\" \/><\/a><\/span><\/div><div class=\"fusion-clearfix\"><\/div><\/div><\/div><\/div><\/div><div class=\"fusion-fullwidth fullwidth-box fusion-builder-row-18 nonhundred-percent-fullwidth non-hundred-percent-height-scrolling\" style=\"--awb-background-position:left top;--awb-border-radius-top-left:0px;--awb-border-radius-top-right:0px;--awb-border-radius-bottom-right:0px;--awb-border-radius-bottom-left:0px;--awb-padding-top:20px;--awb-padding-bottom:20px;--awb-border-sizes-top:0px;--awb-border-sizes-bottom:0px;--awb-flex-wrap:wrap;\" ><div class=\"fusion-builder-row fusion-row\"><div class=\"fusion-layout-column fusion_builder_column fusion-builder-column-24 fusion_builder_column_1_1 1_1 fusion-one-full fusion-column-first fusion-column-last fusion-column-no-min-height\" style=\"--awb-bg-size:cover;--awb-margin-bottom:0px;\"><div class=\"fusion-column-wrapper fusion-flex-column-wrapper-legacy\"><div class=\"fusion-text fusion-text-12\"><p>Um alle aussen liegenden N\u00e4hte zu verdecken n\u00e4hen wir um den Adventskalender einen Rahmen. N\u00e4he daf\u00fcr die Teile von der Mitte ausgehen an den Mittelteil an.<\/p>\n<\/div><div class=\"fusion-clearfix\"><\/div><\/div><\/div><\/div><\/div><div class=\"fusion-fullwidth fullwidth-box fusion-builder-row-19 nonhundred-percent-fullwidth non-hundred-percent-height-scrolling\" style=\"--awb-border-radius-top-left:0px;--awb-border-radius-top-right:0px;--awb-border-radius-bottom-right:0px;--awb-border-radius-bottom-left:0px;--awb-flex-wrap:wrap;\" ><div class=\"fusion-builder-row fusion-row\"><div class=\"fusion-layout-column fusion_builder_column fusion-builder-column-25 fusion_builder_column_1_2 1_2 fusion-one-half fusion-column-first\" style=\"--awb-bg-size:cover;width:50%;width:calc(50% - ( ( 4% ) * 0.5 ) );margin-right: 4%;\"><div class=\"fusion-column-wrapper fusion-column-has-shadow fusion-flex-column-wrapper-legacy\"><div class=\"fusion-image-element in-legacy-container\" style=\"--awb-caption-title-font-family:var(--h2_typography-font-family);--awb-caption-title-font-weight:var(--h2_typography-font-weight);--awb-caption-title-font-style:var(--h2_typography-font-style);--awb-caption-title-size:var(--h2_typography-font-size);--awb-caption-title-transform:var(--h2_typography-text-transform);--awb-caption-title-line-height:var(--h2_typography-line-height);--awb-caption-title-letter-spacing:var(--h2_typography-letter-spacing);\"><span class=\" fusion-imageframe imageframe-none imageframe-19 hover-type-none\"><a href=\"https:\/\/cheznu.tv\/familymanagement\/wp-content\/uploads\/2020\/10\/Adventskalender-naehen-19-Rahmen-annaehen.jpg\" class=\"fusion-lightbox\" data-rel=\"iLightbox[93cf4566ffaa7bcf474]\" data-title=\"Adventskalender n\u00e4hen &#8211; 19 Rahmen ann\u00e4hen\" title=\"Adventskalender n\u00e4hen &#8211; 19 Rahmen ann\u00e4hen\"><img decoding=\"async\" width=\"1000\" height=\"741\" alt=\"Adventskalender n\u00e4hen - 19 Rahmen ann\u00e4hen\" src=\"https:\/\/cheznu.tv\/familymanagement\/wp-content\/uploads\/2020\/10\/Adventskalender-naehen-19-Rahmen-annaehen.jpg\" class=\"img-responsive wp-image-50833\" srcset=\"https:\/\/cheznu.tv\/familymanagement\/wp-content\/uploads\/2020\/10\/Adventskalender-naehen-19-Rahmen-annaehen-200x148.jpg 200w, https:\/\/cheznu.tv\/familymanagement\/wp-content\/uploads\/2020\/10\/Adventskalender-naehen-19-Rahmen-annaehen-400x296.jpg 400w, https:\/\/cheznu.tv\/familymanagement\/wp-content\/uploads\/2020\/10\/Adventskalender-naehen-19-Rahmen-annaehen-600x445.jpg 600w, https:\/\/cheznu.tv\/familymanagement\/wp-content\/uploads\/2020\/10\/Adventskalender-naehen-19-Rahmen-annaehen-800x593.jpg 800w, https:\/\/cheznu.tv\/familymanagement\/wp-content\/uploads\/2020\/10\/Adventskalender-naehen-19-Rahmen-annaehen.jpg 1000w\" sizes=\"(max-width: 800px) 100vw, 600px\" \/><\/a><\/span><\/div><div class=\"fusion-clearfix\"><\/div><\/div><\/div><div class=\"fusion-layout-column fusion_builder_column fusion-builder-column-26 fusion_builder_column_1_2 1_2 fusion-one-half fusion-column-last\" style=\"--awb-bg-size:cover;width:50%;width:calc(50% - ( ( 4% ) * 0.5 ) );\"><div class=\"fusion-column-wrapper fusion-column-has-shadow fusion-flex-column-wrapper-legacy\"><div class=\"fusion-image-element in-legacy-container\" style=\"--awb-caption-title-font-family:var(--h2_typography-font-family);--awb-caption-title-font-weight:var(--h2_typography-font-weight);--awb-caption-title-font-style:var(--h2_typography-font-style);--awb-caption-title-size:var(--h2_typography-font-size);--awb-caption-title-transform:var(--h2_typography-text-transform);--awb-caption-title-line-height:var(--h2_typography-line-height);--awb-caption-title-letter-spacing:var(--h2_typography-letter-spacing);\"><span class=\" fusion-imageframe imageframe-none imageframe-20 hover-type-none\"><a href=\"https:\/\/cheznu.tv\/familymanagement\/wp-content\/uploads\/2020\/10\/Adventskalender-naehen-19-a-Ramen.jpg\" class=\"fusion-lightbox\" data-rel=\"iLightbox[0373d02fc747b323350]\" data-title=\"Adventskalender n\u00e4hen &#8211; 19 a Ramen\" title=\"Adventskalender n\u00e4hen &#8211; 19 a Ramen\"><img decoding=\"async\" width=\"1000\" height=\"667\" alt=\"Adventskalender n\u00e4hen - 19 a Ramen\" src=\"https:\/\/cheznu.tv\/familymanagement\/wp-content\/uploads\/2020\/10\/Adventskalender-naehen-19-a-Ramen.jpg\" class=\"img-responsive wp-image-50832\" srcset=\"https:\/\/cheznu.tv\/familymanagement\/wp-content\/uploads\/2020\/10\/Adventskalender-naehen-19-a-Ramen-200x133.jpg 200w, https:\/\/cheznu.tv\/familymanagement\/wp-content\/uploads\/2020\/10\/Adventskalender-naehen-19-a-Ramen-400x267.jpg 400w, https:\/\/cheznu.tv\/familymanagement\/wp-content\/uploads\/2020\/10\/Adventskalender-naehen-19-a-Ramen-600x400.jpg 600w, https:\/\/cheznu.tv\/familymanagement\/wp-content\/uploads\/2020\/10\/Adventskalender-naehen-19-a-Ramen-800x534.jpg 800w, https:\/\/cheznu.tv\/familymanagement\/wp-content\/uploads\/2020\/10\/Adventskalender-naehen-19-a-Ramen.jpg 1000w\" sizes=\"(max-width: 800px) 100vw, 600px\" \/><\/a><\/span><\/div><div class=\"fusion-clearfix\"><\/div><\/div><\/div><\/div><\/div><div class=\"fusion-fullwidth fullwidth-box fusion-builder-row-20 nonhundred-percent-fullwidth non-hundred-percent-height-scrolling\" style=\"--awb-background-position:left top;--awb-border-radius-top-left:0px;--awb-border-radius-top-right:0px;--awb-border-radius-bottom-right:0px;--awb-border-radius-bottom-left:0px;--awb-padding-top:20px;--awb-padding-bottom:20px;--awb-border-sizes-top:0px;--awb-border-sizes-bottom:0px;--awb-flex-wrap:wrap;\" ><div class=\"fusion-builder-row fusion-row\"><div class=\"fusion-layout-column fusion_builder_column fusion-builder-column-27 fusion_builder_column_1_1 1_1 fusion-one-full fusion-column-first fusion-column-last fusion-column-no-min-height\" style=\"--awb-bg-size:cover;--awb-margin-bottom:0px;\"><div class=\"fusion-column-wrapper fusion-flex-column-wrapper-legacy\"><div class=\"fusion-text fusion-text-13\"><p>Falte jetzt das gesamte Vorderteil diagonal und schliesse die Ecken.<\/p>\n<\/div><div class=\"fusion-image-element in-legacy-container\" style=\"--awb-caption-title-font-family:var(--h2_typography-font-family);--awb-caption-title-font-weight:var(--h2_typography-font-weight);--awb-caption-title-font-style:var(--h2_typography-font-style);--awb-caption-title-size:var(--h2_typography-font-size);--awb-caption-title-transform:var(--h2_typography-text-transform);--awb-caption-title-line-height:var(--h2_typography-line-height);--awb-caption-title-letter-spacing:var(--h2_typography-letter-spacing);\"><span class=\" fusion-imageframe imageframe-none imageframe-21 hover-type-none\"><a href=\"https:\/\/cheznu.tv\/familymanagement\/wp-content\/uploads\/2020\/10\/Adventskalender-naehen-20-Rueckseite-zuschneiden.jpg\" class=\"fusion-lightbox\" data-rel=\"iLightbox[b96b2b56bbddc1c3602]\" data-title=\"Adventskalender n\u00e4hen &#8211; 20 R\u00fcckseite zuschneiden\" title=\"Adventskalender n\u00e4hen &#8211; 20 R\u00fcckseite zuschneiden\"><img decoding=\"async\" width=\"1000\" height=\"554\" alt=\"Adventskalender n\u00e4hen - 20 R\u00fcckseite zuschneiden\" src=\"https:\/\/cheznu.tv\/familymanagement\/wp-content\/uploads\/2020\/10\/Adventskalender-naehen-20-Rueckseite-zuschneiden.jpg\" class=\"img-responsive wp-image-50834\" srcset=\"https:\/\/cheznu.tv\/familymanagement\/wp-content\/uploads\/2020\/10\/Adventskalender-naehen-20-Rueckseite-zuschneiden-200x111.jpg 200w, https:\/\/cheznu.tv\/familymanagement\/wp-content\/uploads\/2020\/10\/Adventskalender-naehen-20-Rueckseite-zuschneiden-400x222.jpg 400w, https:\/\/cheznu.tv\/familymanagement\/wp-content\/uploads\/2020\/10\/Adventskalender-naehen-20-Rueckseite-zuschneiden-600x332.jpg 600w, https:\/\/cheznu.tv\/familymanagement\/wp-content\/uploads\/2020\/10\/Adventskalender-naehen-20-Rueckseite-zuschneiden-800x443.jpg 800w, https:\/\/cheznu.tv\/familymanagement\/wp-content\/uploads\/2020\/10\/Adventskalender-naehen-20-Rueckseite-zuschneiden.jpg 1000w\" sizes=\"(max-width: 800px) 100vw, 1000px\" \/><\/a><\/span><\/div><div class=\"fusion-clearfix\"><\/div><\/div><\/div><\/div><\/div><div class=\"fusion-fullwidth fullwidth-box fusion-builder-row-21 nonhundred-percent-fullwidth non-hundred-percent-height-scrolling\" style=\"--awb-background-position:left top;--awb-border-radius-top-left:0px;--awb-border-radius-top-right:0px;--awb-border-radius-bottom-right:0px;--awb-border-radius-bottom-left:0px;--awb-padding-top:20px;--awb-padding-bottom:20px;--awb-border-sizes-top:0px;--awb-border-sizes-bottom:0px;--awb-flex-wrap:wrap;\" ><div class=\"fusion-builder-row fusion-row\"><div class=\"fusion-layout-column fusion_builder_column fusion-builder-column-28 fusion_builder_column_1_1 1_1 fusion-one-full fusion-column-first fusion-column-last fusion-column-no-min-height\" style=\"--awb-bg-size:cover;--awb-margin-bottom:0px;\"><div class=\"fusion-column-wrapper fusion-flex-column-wrapper-legacy\"><div class=\"fusion-text fusion-text-14\"><p>Das Kissen\/der Waldbehang hat eine Gr\u00f6sse von 80 cm x 80 cm + Nahtzugabe. Schneide die R\u00fcckseite in der gleichen Gr\u00f6sse wie die Vorderseite zu. Nutze die Vorderseite als Schnittmuster.<\/p>\n<p>Wenn Du einen Wandbehang n\u00e4hen m\u00f6chtest, stecke an der Oberkante 3 &#8211; 4 Schlaufen aus Stoff so an, dass sie nach unten zeigen und die offene Kante auf der Stoffkante liegen. Die R\u00fcckseite mit der rechten Stoffseite auf die rechte Seite des Adventkalender legen und rundum feststeppen. Eine Wende\u00f6ffnung offen lassen und wenden. Alles gut ausb\u00fcgeln und nochmals rundum gegensteppen und dabei die Wende\u00f6ffnung schliessen.<\/p>\n<\/div><div class=\"fusion-title title fusion-title-5 fusion-title-text fusion-title-size-two\" style=\"--awb-margin-top-small:10px;--awb-margin-right-small:0px;--awb-margin-bottom-small:10px;--awb-margin-left-small:0px;\"><h2 class=\"fusion-title-heading title-heading-left\" style=\"margin:0;\">Kissen fertigstellen<\/h2><span class=\"awb-title-spacer\"><\/span><div class=\"title-sep-container\"><div class=\"title-sep sep-double sep-solid\" style=\"border-color:#e2e2e2;\"><\/div><\/div><\/div><div class=\"fusion-image-element in-legacy-container\" style=\"--awb-caption-title-font-family:var(--h2_typography-font-family);--awb-caption-title-font-weight:var(--h2_typography-font-weight);--awb-caption-title-font-style:var(--h2_typography-font-style);--awb-caption-title-size:var(--h2_typography-font-size);--awb-caption-title-transform:var(--h2_typography-text-transform);--awb-caption-title-line-height:var(--h2_typography-line-height);--awb-caption-title-letter-spacing:var(--h2_typography-letter-spacing);\"><span class=\" fusion-imageframe imageframe-none imageframe-22 hover-type-none\"><a href=\"https:\/\/cheznu.tv\/familymanagement\/wp-content\/uploads\/2020\/10\/Adventskalender-naehen-21-Reissverschluss-annaehen.jpg\" class=\"fusion-lightbox\" data-rel=\"iLightbox[73757f45c043d7b1b3b]\" data-title=\"Adventskalender n\u00e4hen &#8211; 21 Reissverschluss ann\u00e4hen\" title=\"Adventskalender n\u00e4hen &#8211; 21 Reissverschluss ann\u00e4hen\"><img decoding=\"async\" width=\"1000\" height=\"664\" alt=\"Adventskalender n\u00e4hen - 21 Reissverschluss ann\u00e4hen\" src=\"https:\/\/cheznu.tv\/familymanagement\/wp-content\/uploads\/2020\/10\/Adventskalender-naehen-21-Reissverschluss-annaehen.jpg\" class=\"img-responsive wp-image-50835\" srcset=\"https:\/\/cheznu.tv\/familymanagement\/wp-content\/uploads\/2020\/10\/Adventskalender-naehen-21-Reissverschluss-annaehen-200x133.jpg 200w, https:\/\/cheznu.tv\/familymanagement\/wp-content\/uploads\/2020\/10\/Adventskalender-naehen-21-Reissverschluss-annaehen-400x266.jpg 400w, https:\/\/cheznu.tv\/familymanagement\/wp-content\/uploads\/2020\/10\/Adventskalender-naehen-21-Reissverschluss-annaehen-600x398.jpg 600w, https:\/\/cheznu.tv\/familymanagement\/wp-content\/uploads\/2020\/10\/Adventskalender-naehen-21-Reissverschluss-annaehen-800x531.jpg 800w, https:\/\/cheznu.tv\/familymanagement\/wp-content\/uploads\/2020\/10\/Adventskalender-naehen-21-Reissverschluss-annaehen.jpg 1000w\" sizes=\"(max-width: 800px) 100vw, 1000px\" \/><\/a><\/span><\/div><div class=\"fusion-clearfix\"><\/div><\/div><\/div><\/div><\/div><div class=\"fusion-fullwidth fullwidth-box fusion-builder-row-22 nonhundred-percent-fullwidth non-hundred-percent-height-scrolling\" style=\"--awb-background-position:left top;--awb-border-radius-top-left:0px;--awb-border-radius-top-right:0px;--awb-border-radius-bottom-right:0px;--awb-border-radius-bottom-left:0px;--awb-padding-top:20px;--awb-padding-bottom:20px;--awb-border-sizes-top:0px;--awb-border-sizes-bottom:0px;--awb-flex-wrap:wrap;\" ><div class=\"fusion-builder-row fusion-row\"><div class=\"fusion-layout-column fusion_builder_column fusion-builder-column-29 fusion_builder_column_1_1 1_1 fusion-one-full fusion-column-first fusion-column-last fusion-column-no-min-height\" style=\"--awb-bg-size:cover;--awb-margin-bottom:0px;\"><div class=\"fusion-column-wrapper fusion-flex-column-wrapper-legacy\"><div class=\"fusion-text fusion-text-15\"><p>Einen W\u00e4schereisverschluss einn\u00e4hen.<\/p>\n<\/div><div class=\"fusion-image-element in-legacy-container\" style=\"--awb-caption-title-font-family:var(--h2_typography-font-family);--awb-caption-title-font-weight:var(--h2_typography-font-weight);--awb-caption-title-font-style:var(--h2_typography-font-style);--awb-caption-title-size:var(--h2_typography-font-size);--awb-caption-title-transform:var(--h2_typography-text-transform);--awb-caption-title-line-height:var(--h2_typography-line-height);--awb-caption-title-letter-spacing:var(--h2_typography-letter-spacing);\"><span class=\" fusion-imageframe imageframe-none imageframe-23 hover-type-none\"><a href=\"https:\/\/cheznu.tv\/familymanagement\/wp-content\/uploads\/2020\/10\/Adventskalender-naehen-22-Rueckseite-annaehen.jpg\" class=\"fusion-lightbox\" data-rel=\"iLightbox[f0edbbad8bcbbd2d869]\" data-title=\"Adventskalender n\u00e4hen &#8211; 22 R\u00fcckseite ann\u00e4hen\" title=\"Adventskalender n\u00e4hen &#8211; 22 R\u00fcckseite ann\u00e4hen\"><img decoding=\"async\" width=\"1000\" height=\"1181\" alt=\"Adventskalender n\u00e4hen - 22 R\u00fcckseite ann\u00e4hen\" src=\"https:\/\/cheznu.tv\/familymanagement\/wp-content\/uploads\/2020\/10\/Adventskalender-naehen-22-Rueckseite-annaehen.jpg\" class=\"img-responsive wp-image-50836\" srcset=\"https:\/\/cheznu.tv\/familymanagement\/wp-content\/uploads\/2020\/10\/Adventskalender-naehen-22-Rueckseite-annaehen-200x236.jpg 200w, https:\/\/cheznu.tv\/familymanagement\/wp-content\/uploads\/2020\/10\/Adventskalender-naehen-22-Rueckseite-annaehen-400x472.jpg 400w, https:\/\/cheznu.tv\/familymanagement\/wp-content\/uploads\/2020\/10\/Adventskalender-naehen-22-Rueckseite-annaehen-600x709.jpg 600w, https:\/\/cheznu.tv\/familymanagement\/wp-content\/uploads\/2020\/10\/Adventskalender-naehen-22-Rueckseite-annaehen-800x945.jpg 800w, https:\/\/cheznu.tv\/familymanagement\/wp-content\/uploads\/2020\/10\/Adventskalender-naehen-22-Rueckseite-annaehen.jpg 1000w\" sizes=\"(max-width: 800px) 100vw, 1000px\" \/><\/a><\/span><\/div><div class=\"fusion-clearfix\"><\/div><\/div><\/div><\/div><\/div><div class=\"fusion-fullwidth fullwidth-box fusion-builder-row-23 nonhundred-percent-fullwidth non-hundred-percent-height-scrolling\" style=\"--awb-background-position:left top;--awb-border-radius-top-left:0px;--awb-border-radius-top-right:0px;--awb-border-radius-bottom-right:0px;--awb-border-radius-bottom-left:0px;--awb-padding-top:20px;--awb-padding-bottom:20px;--awb-border-sizes-top:0px;--awb-border-sizes-bottom:0px;--awb-flex-wrap:wrap;\" ><div class=\"fusion-builder-row fusion-row\"><div class=\"fusion-layout-column fusion_builder_column fusion-builder-column-30 fusion_builder_column_1_1 1_1 fusion-one-full fusion-column-first fusion-column-last fusion-column-no-min-height\" style=\"--awb-bg-size:cover;--awb-margin-bottom:0px;\"><div class=\"fusion-column-wrapper fusion-flex-column-wrapper-legacy\"><div class=\"fusion-text fusion-text-16\"><p>Die R\u00fcckseite mit der Vorderseite verbinden.<\/p>\n<p>Wenn Du die Reissverschluss-Variante nicht magst, kannst auch einen Hotelverschluss n\u00e4hen. <a href=\"https:\/\/cheznu.tv\/familymanagement\/kissen-mit-hotelverschluss-last-minute-geschenkidee-naehen-fuer-anfaenger\/\">Das zeigen wir Dir hier<\/a>.<\/p>\n<p>Denke daran, dass Du daf\u00fcr etwas mehr Stoff ben\u00f6tigst.<\/p>\n<p>Wir w\u00fcnschen Dir viel Spass beim n\u00e4hen und eine sch\u00f6ne und erholsame Vorweihnachtszeit. \ud83c\udf85\ud83c\udf84\ud83c\udf85<\/p>\n<\/div><div class=\"fusion-image-element in-legacy-container\" style=\"--awb-caption-title-font-family:var(--h2_typography-font-family);--awb-caption-title-font-weight:var(--h2_typography-font-weight);--awb-caption-title-font-style:var(--h2_typography-font-style);--awb-caption-title-size:var(--h2_typography-font-size);--awb-caption-title-transform:var(--h2_typography-text-transform);--awb-caption-title-line-height:var(--h2_typography-line-height);--awb-caption-title-letter-spacing:var(--h2_typography-letter-spacing);\"><span class=\" fusion-imageframe imageframe-none imageframe-24 hover-type-none\"><a class=\"fusion-no-lightbox\" href=\"https:\/\/cheznu.tv\/familymanagement\/saison\" target=\"_self\" aria-label=\"n\u00e4hen f\u00fcr die aktuelle Saison\"><img decoding=\"async\" width=\"1200\" height=\"630\" alt=\"n\u00e4hen f\u00fcr die aktuelle Saison\" src=\"https:\/\/cheznu.tv\/familymanagement\/wp-content\/uploads\/2018\/03\/Aktuelle-Saison.png\" class=\"img-responsive wp-image-9278\" srcset=\"https:\/\/cheznu.tv\/familymanagement\/wp-content\/uploads\/2018\/03\/Aktuelle-Saison-200x105.png 200w, https:\/\/cheznu.tv\/familymanagement\/wp-content\/uploads\/2018\/03\/Aktuelle-Saison-400x210.png 400w, https:\/\/cheznu.tv\/familymanagement\/wp-content\/uploads\/2018\/03\/Aktuelle-Saison-600x315.png 600w, https:\/\/cheznu.tv\/familymanagement\/wp-content\/uploads\/2018\/03\/Aktuelle-Saison-800x420.png 800w, https:\/\/cheznu.tv\/familymanagement\/wp-content\/uploads\/2018\/03\/Aktuelle-Saison.png 1200w\" sizes=\"(max-width: 800px) 100vw, 1200px\" \/><\/a><\/span><\/div><div class=\"fusion-clearfix\"><\/div><\/div><\/div><\/div><\/div><\/p>\n","protected":false},"excerpt":{"rendered":"<p>Noch ist Zeit, wenn Du einen Adventskalender n\u00e4hen willst. Eine besondere Idee ist das Adventskalender-Kissen. Aber Du kannst das Schnittmuster auch als Wandbehang umsetzten.<\/p>\n","protected":false},"author":2,"featured_media":50939,"comment_status":"open","ping_status":"open","sticky":false,"template":"","format":"standard","meta":{"footnotes":""},"categories":[184,67,767],"tags":[2268,2261,2262,2263,2264,2265,2260,2266,2269,2270,2271,2272,2267,1244,2273,2274],"class_list":["post-50809","post","type-post","status-publish","format-standard","has-post-thumbnail","hentry","category-kinder","category-naehen-2","category-weihnachten","tag-adventskalender-2020","tag-adventskalender-naehen","tag-adventskalender-naehen-2020","tag-adventskalender-naehen-anfaenger","tag-adventskalender-naehen-anleitung","tag-adventskalender-naehen-einfach","tag-adventskalender-naehen-schnittmuster","tag-adventskalender-naehen-stoff","tag-adventskalender-selber-machen","tag-adventskalender-selber-naehen","tag-adventskalender-selber-naehen-2020","tag-adventskalender-selber-naehen-anleitung","tag-adventskalender-selber-naehen-schnittmuster","tag-naehen-fuer-weihnachten","tag-weihnachten-naehen","tag-weihnachtsdeko-naehen"],"yoast_head":"<!-- This site is optimized with the Yoast SEO plugin v27.5 - https:\/\/yoast.com\/product\/yoast-seo-wordpress\/ -->\n<title>Adventskalender n\u00e4hen \ud83c\udf84 als Kissen oder Wandbehang<\/title>\n<meta name=\"description\" content=\"Du willst einen Adventskalender n\u00e4hen? Hier findest Du ein Schnittmuster f\u00fcr ein Adventskalender-Kissen oder n\u00e4he es als Wandbehang.\" \/>\n<meta name=\"robots\" content=\"index, follow, max-snippet:-1, max-image-preview:large, max-video-preview:-1\" \/>\n<link rel=\"canonical\" href=\"https:\/\/cheznu.tv\/familymanagement\/adventskalender-naehen-als-kissen-oder-wandbehang\/\" \/>\n<meta property=\"og:locale\" content=\"de_DE\" \/>\n<meta property=\"og:type\" content=\"article\" \/>\n<meta property=\"og:title\" content=\"Adventskalender n\u00e4hen \ud83c\udf84 als Kissen oder Wandbehang\" \/>\n<meta property=\"og:description\" content=\"Du willst einen Adventskalender n\u00e4hen? Hier findest Du ein Schnittmuster f\u00fcr ein Adventskalender-Kissen oder n\u00e4he es als Wandbehang.\" \/>\n<meta property=\"og:url\" content=\"https:\/\/cheznu.tv\/familymanagement\/adventskalender-naehen-als-kissen-oder-wandbehang\/\" \/>\n<meta property=\"og:site_name\" content=\"ChezNU.TV\" \/>\n<meta property=\"article:publisher\" content=\"https:\/\/www.facebook.com\/cheznutv\/\" \/>\n<meta property=\"article:published_time\" content=\"2020-11-01T13:40:46+00:00\" \/>\n<meta property=\"article:modified_time\" content=\"2020-11-01T13:42:04+00:00\" \/>\n<meta property=\"og:image\" content=\"https:\/\/cheznu.tv\/familymanagement\/wp-content\/uploads\/2020\/11\/Adventskalender-naehen-2020.jpg\" \/>\n\t<meta property=\"og:image:width\" content=\"1200\" \/>\n\t<meta property=\"og:image:height\" content=\"630\" \/>\n\t<meta property=\"og:image:type\" content=\"image\/jpeg\" \/>\n<meta name=\"author\" content=\"Ute Schmidt\" \/>\n<meta name=\"twitter:card\" content=\"summary_large_image\" \/>\n<meta name=\"twitter:creator\" content=\"@cheznu_family\" \/>\n<meta name=\"twitter:site\" content=\"@cheznu_family\" \/>\n<meta name=\"twitter:label1\" content=\"Verfasst von\" \/>\n\t<meta name=\"twitter:data1\" content=\"Ute Schmidt\" \/>\n\t<meta name=\"twitter:label2\" content=\"Gesch\u00e4tzte Lesezeit\" \/>\n\t<meta name=\"twitter:data2\" content=\"52\u00a0Minuten\" \/>\n<script type=\"application\/ld+json\" class=\"yoast-schema-graph\">{\"@context\":\"https:\\\/\\\/schema.org\",\"@graph\":[{\"@type\":\"Article\",\"@id\":\"https:\\\/\\\/cheznu.tv\\\/familymanagement\\\/adventskalender-naehen-als-kissen-oder-wandbehang\\\/#article\",\"isPartOf\":{\"@id\":\"https:\\\/\\\/cheznu.tv\\\/familymanagement\\\/adventskalender-naehen-als-kissen-oder-wandbehang\\\/\"},\"author\":{\"name\":\"Ute Schmidt\",\"@id\":\"https:\\\/\\\/cheznu.tv\\\/familymanagement\\\/#\\\/schema\\\/person\\\/81c90ab0d1b51b5f2eb679026daff10e\"},\"headline\":\"Adventskalender n\u00e4hen \ud83c\udf84 als Kissen oder Wandbehang\",\"datePublished\":\"2020-11-01T13:40:46+00:00\",\"dateModified\":\"2020-11-01T13:42:04+00:00\",\"mainEntityOfPage\":{\"@id\":\"https:\\\/\\\/cheznu.tv\\\/familymanagement\\\/adventskalender-naehen-als-kissen-oder-wandbehang\\\/\"},\"wordCount\":10374,\"commentCount\":4,\"image\":{\"@id\":\"https:\\\/\\\/cheznu.tv\\\/familymanagement\\\/adventskalender-naehen-als-kissen-oder-wandbehang\\\/#primaryimage\"},\"thumbnailUrl\":\"https:\\\/\\\/cheznu.tv\\\/familymanagement\\\/wp-content\\\/uploads\\\/2020\\\/11\\\/Adventskalender-naehen-2020.jpg\",\"keywords\":[\"adventskalender 2020\",\"adventskalender n\u00e4hen\",\"adventskalender n\u00e4hen 2020\",\"adventskalender n\u00e4hen anf\u00e4nger\",\"adventskalender n\u00e4hen anleitung\",\"adventskalender n\u00e4hen einfach\",\"adventskalender n\u00e4hen schnittmuster\",\"adventskalender n\u00e4hen stoff\",\"adventskalender selber machen\",\"adventskalender selber n\u00e4hen\",\"adventskalender selber n\u00e4hen 2020\",\"adventskalender selber n\u00e4hen anleitung\",\"adventskalender selber n\u00e4hen schnittmuster\",\"n\u00e4hen f\u00fcr weihnachten\",\"weihnachten n\u00e4hen\",\"weihnachtsdeko n\u00e4hen\"],\"articleSection\":[\"Kinder\",\"N\u00e4hen\",\"Weihnachten\"],\"inLanguage\":\"de\",\"potentialAction\":[{\"@type\":\"CommentAction\",\"name\":\"Comment\",\"target\":[\"https:\\\/\\\/cheznu.tv\\\/familymanagement\\\/adventskalender-naehen-als-kissen-oder-wandbehang\\\/#respond\"]}]},{\"@type\":\"WebPage\",\"@id\":\"https:\\\/\\\/cheznu.tv\\\/familymanagement\\\/adventskalender-naehen-als-kissen-oder-wandbehang\\\/\",\"url\":\"https:\\\/\\\/cheznu.tv\\\/familymanagement\\\/adventskalender-naehen-als-kissen-oder-wandbehang\\\/\",\"name\":\"Adventskalender n\u00e4hen \ud83c\udf84 als Kissen oder Wandbehang\",\"isPartOf\":{\"@id\":\"https:\\\/\\\/cheznu.tv\\\/familymanagement\\\/#website\"},\"primaryImageOfPage\":{\"@id\":\"https:\\\/\\\/cheznu.tv\\\/familymanagement\\\/adventskalender-naehen-als-kissen-oder-wandbehang\\\/#primaryimage\"},\"image\":{\"@id\":\"https:\\\/\\\/cheznu.tv\\\/familymanagement\\\/adventskalender-naehen-als-kissen-oder-wandbehang\\\/#primaryimage\"},\"thumbnailUrl\":\"https:\\\/\\\/cheznu.tv\\\/familymanagement\\\/wp-content\\\/uploads\\\/2020\\\/11\\\/Adventskalender-naehen-2020.jpg\",\"datePublished\":\"2020-11-01T13:40:46+00:00\",\"dateModified\":\"2020-11-01T13:42:04+00:00\",\"author\":{\"@id\":\"https:\\\/\\\/cheznu.tv\\\/familymanagement\\\/#\\\/schema\\\/person\\\/81c90ab0d1b51b5f2eb679026daff10e\"},\"description\":\"Du willst einen Adventskalender n\u00e4hen? Hier findest Du ein Schnittmuster f\u00fcr ein Adventskalender-Kissen oder n\u00e4he es als Wandbehang.\",\"breadcrumb\":{\"@id\":\"https:\\\/\\\/cheznu.tv\\\/familymanagement\\\/adventskalender-naehen-als-kissen-oder-wandbehang\\\/#breadcrumb\"},\"inLanguage\":\"de\",\"potentialAction\":[{\"@type\":\"ReadAction\",\"target\":[\"https:\\\/\\\/cheznu.tv\\\/familymanagement\\\/adventskalender-naehen-als-kissen-oder-wandbehang\\\/\"]}]},{\"@type\":\"ImageObject\",\"inLanguage\":\"de\",\"@id\":\"https:\\\/\\\/cheznu.tv\\\/familymanagement\\\/adventskalender-naehen-als-kissen-oder-wandbehang\\\/#primaryimage\",\"url\":\"https:\\\/\\\/cheznu.tv\\\/familymanagement\\\/wp-content\\\/uploads\\\/2020\\\/11\\\/Adventskalender-naehen-2020.jpg\",\"contentUrl\":\"https:\\\/\\\/cheznu.tv\\\/familymanagement\\\/wp-content\\\/uploads\\\/2020\\\/11\\\/Adventskalender-naehen-2020.jpg\",\"width\":1200,\"height\":630,\"caption\":\"Adventskalender n\u00e4hen 2020\"},{\"@type\":\"BreadcrumbList\",\"@id\":\"https:\\\/\\\/cheznu.tv\\\/familymanagement\\\/adventskalender-naehen-als-kissen-oder-wandbehang\\\/#breadcrumb\",\"itemListElement\":[{\"@type\":\"ListItem\",\"position\":1,\"name\":\"Startseite\",\"item\":\"https:\\\/\\\/cheznu.tv\\\/familymanagement\\\/\"},{\"@type\":\"ListItem\",\"position\":2,\"name\":\"Adventskalender n\u00e4hen \ud83c\udf84 als Kissen oder Wandbehang\"}]},{\"@type\":\"WebSite\",\"@id\":\"https:\\\/\\\/cheznu.tv\\\/familymanagement\\\/#website\",\"url\":\"https:\\\/\\\/cheznu.tv\\\/familymanagement\\\/\",\"name\":\"ChezNU.TV\",\"description\":\"N\u00e4hen | Basteln | Haushalt | Familie\",\"potentialAction\":[{\"@type\":\"SearchAction\",\"target\":{\"@type\":\"EntryPoint\",\"urlTemplate\":\"https:\\\/\\\/cheznu.tv\\\/familymanagement\\\/?s={search_term_string}\"},\"query-input\":{\"@type\":\"PropertyValueSpecification\",\"valueRequired\":true,\"valueName\":\"search_term_string\"}}],\"inLanguage\":\"de\"},{\"@type\":\"Person\",\"@id\":\"https:\\\/\\\/cheznu.tv\\\/familymanagement\\\/#\\\/schema\\\/person\\\/81c90ab0d1b51b5f2eb679026daff10e\",\"name\":\"Ute Schmidt\",\"sameAs\":[\"https:\\\/\\\/cheznu.tv\"],\"url\":\"https:\\\/\\\/cheznu.tv\\\/familymanagement\\\/author\\\/ute\\\/\"}]}<\/script>\n<!-- \/ Yoast SEO plugin. -->","yoast_head_json":{"title":"Adventskalender n\u00e4hen \ud83c\udf84 als Kissen oder Wandbehang","description":"Du willst einen Adventskalender n\u00e4hen? Hier findest Du ein Schnittmuster f\u00fcr ein Adventskalender-Kissen oder n\u00e4he es als Wandbehang.","robots":{"index":"index","follow":"follow","max-snippet":"max-snippet:-1","max-image-preview":"max-image-preview:large","max-video-preview":"max-video-preview:-1"},"canonical":"https:\/\/cheznu.tv\/familymanagement\/adventskalender-naehen-als-kissen-oder-wandbehang\/","og_locale":"de_DE","og_type":"article","og_title":"Adventskalender n\u00e4hen \ud83c\udf84 als Kissen oder Wandbehang","og_description":"Du willst einen Adventskalender n\u00e4hen? Hier findest Du ein Schnittmuster f\u00fcr ein Adventskalender-Kissen oder n\u00e4he es als Wandbehang.","og_url":"https:\/\/cheznu.tv\/familymanagement\/adventskalender-naehen-als-kissen-oder-wandbehang\/","og_site_name":"ChezNU.TV","article_publisher":"https:\/\/www.facebook.com\/cheznutv\/","article_published_time":"2020-11-01T13:40:46+00:00","article_modified_time":"2020-11-01T13:42:04+00:00","og_image":[{"width":1200,"height":630,"url":"https:\/\/cheznu.tv\/familymanagement\/wp-content\/uploads\/2020\/11\/Adventskalender-naehen-2020.jpg","type":"image\/jpeg"}],"author":"Ute Schmidt","twitter_card":"summary_large_image","twitter_creator":"@cheznu_family","twitter_site":"@cheznu_family","twitter_misc":{"Verfasst von":"Ute Schmidt","Gesch\u00e4tzte Lesezeit":"52\u00a0Minuten"},"schema":{"@context":"https:\/\/schema.org","@graph":[{"@type":"Article","@id":"https:\/\/cheznu.tv\/familymanagement\/adventskalender-naehen-als-kissen-oder-wandbehang\/#article","isPartOf":{"@id":"https:\/\/cheznu.tv\/familymanagement\/adventskalender-naehen-als-kissen-oder-wandbehang\/"},"author":{"name":"Ute Schmidt","@id":"https:\/\/cheznu.tv\/familymanagement\/#\/schema\/person\/81c90ab0d1b51b5f2eb679026daff10e"},"headline":"Adventskalender n\u00e4hen \ud83c\udf84 als Kissen oder Wandbehang","datePublished":"2020-11-01T13:40:46+00:00","dateModified":"2020-11-01T13:42:04+00:00","mainEntityOfPage":{"@id":"https:\/\/cheznu.tv\/familymanagement\/adventskalender-naehen-als-kissen-oder-wandbehang\/"},"wordCount":10374,"commentCount":4,"image":{"@id":"https:\/\/cheznu.tv\/familymanagement\/adventskalender-naehen-als-kissen-oder-wandbehang\/#primaryimage"},"thumbnailUrl":"https:\/\/cheznu.tv\/familymanagement\/wp-content\/uploads\/2020\/11\/Adventskalender-naehen-2020.jpg","keywords":["adventskalender 2020","adventskalender n\u00e4hen","adventskalender n\u00e4hen 2020","adventskalender n\u00e4hen anf\u00e4nger","adventskalender n\u00e4hen anleitung","adventskalender n\u00e4hen einfach","adventskalender n\u00e4hen schnittmuster","adventskalender n\u00e4hen stoff","adventskalender selber machen","adventskalender selber n\u00e4hen","adventskalender selber n\u00e4hen 2020","adventskalender selber n\u00e4hen anleitung","adventskalender selber n\u00e4hen schnittmuster","n\u00e4hen f\u00fcr weihnachten","weihnachten n\u00e4hen","weihnachtsdeko n\u00e4hen"],"articleSection":["Kinder","N\u00e4hen","Weihnachten"],"inLanguage":"de","potentialAction":[{"@type":"CommentAction","name":"Comment","target":["https:\/\/cheznu.tv\/familymanagement\/adventskalender-naehen-als-kissen-oder-wandbehang\/#respond"]}]},{"@type":"WebPage","@id":"https:\/\/cheznu.tv\/familymanagement\/adventskalender-naehen-als-kissen-oder-wandbehang\/","url":"https:\/\/cheznu.tv\/familymanagement\/adventskalender-naehen-als-kissen-oder-wandbehang\/","name":"Adventskalender n\u00e4hen \ud83c\udf84 als Kissen oder Wandbehang","isPartOf":{"@id":"https:\/\/cheznu.tv\/familymanagement\/#website"},"primaryImageOfPage":{"@id":"https:\/\/cheznu.tv\/familymanagement\/adventskalender-naehen-als-kissen-oder-wandbehang\/#primaryimage"},"image":{"@id":"https:\/\/cheznu.tv\/familymanagement\/adventskalender-naehen-als-kissen-oder-wandbehang\/#primaryimage"},"thumbnailUrl":"https:\/\/cheznu.tv\/familymanagement\/wp-content\/uploads\/2020\/11\/Adventskalender-naehen-2020.jpg","datePublished":"2020-11-01T13:40:46+00:00","dateModified":"2020-11-01T13:42:04+00:00","author":{"@id":"https:\/\/cheznu.tv\/familymanagement\/#\/schema\/person\/81c90ab0d1b51b5f2eb679026daff10e"},"description":"Du willst einen Adventskalender n\u00e4hen? Hier findest Du ein Schnittmuster f\u00fcr ein Adventskalender-Kissen oder n\u00e4he es als Wandbehang.","breadcrumb":{"@id":"https:\/\/cheznu.tv\/familymanagement\/adventskalender-naehen-als-kissen-oder-wandbehang\/#breadcrumb"},"inLanguage":"de","potentialAction":[{"@type":"ReadAction","target":["https:\/\/cheznu.tv\/familymanagement\/adventskalender-naehen-als-kissen-oder-wandbehang\/"]}]},{"@type":"ImageObject","inLanguage":"de","@id":"https:\/\/cheznu.tv\/familymanagement\/adventskalender-naehen-als-kissen-oder-wandbehang\/#primaryimage","url":"https:\/\/cheznu.tv\/familymanagement\/wp-content\/uploads\/2020\/11\/Adventskalender-naehen-2020.jpg","contentUrl":"https:\/\/cheznu.tv\/familymanagement\/wp-content\/uploads\/2020\/11\/Adventskalender-naehen-2020.jpg","width":1200,"height":630,"caption":"Adventskalender n\u00e4hen 2020"},{"@type":"BreadcrumbList","@id":"https:\/\/cheznu.tv\/familymanagement\/adventskalender-naehen-als-kissen-oder-wandbehang\/#breadcrumb","itemListElement":[{"@type":"ListItem","position":1,"name":"Startseite","item":"https:\/\/cheznu.tv\/familymanagement\/"},{"@type":"ListItem","position":2,"name":"Adventskalender n\u00e4hen \ud83c\udf84 als Kissen oder Wandbehang"}]},{"@type":"WebSite","@id":"https:\/\/cheznu.tv\/familymanagement\/#website","url":"https:\/\/cheznu.tv\/familymanagement\/","name":"ChezNU.TV","description":"N\u00e4hen | Basteln | Haushalt | Familie","potentialAction":[{"@type":"SearchAction","target":{"@type":"EntryPoint","urlTemplate":"https:\/\/cheznu.tv\/familymanagement\/?s={search_term_string}"},"query-input":{"@type":"PropertyValueSpecification","valueRequired":true,"valueName":"search_term_string"}}],"inLanguage":"de"},{"@type":"Person","@id":"https:\/\/cheznu.tv\/familymanagement\/#\/schema\/person\/81c90ab0d1b51b5f2eb679026daff10e","name":"Ute Schmidt","sameAs":["https:\/\/cheznu.tv"],"url":"https:\/\/cheznu.tv\/familymanagement\/author\/ute\/"}]}},"_links":{"self":[{"href":"https:\/\/cheznu.tv\/familymanagement\/wp-json\/wp\/v2\/posts\/50809","targetHints":{"allow":["GET"]}}],"collection":[{"href":"https:\/\/cheznu.tv\/familymanagement\/wp-json\/wp\/v2\/posts"}],"about":[{"href":"https:\/\/cheznu.tv\/familymanagement\/wp-json\/wp\/v2\/types\/post"}],"author":[{"embeddable":true,"href":"https:\/\/cheznu.tv\/familymanagement\/wp-json\/wp\/v2\/users\/2"}],"replies":[{"embeddable":true,"href":"https:\/\/cheznu.tv\/familymanagement\/wp-json\/wp\/v2\/comments?post=50809"}],"version-history":[{"count":5,"href":"https:\/\/cheznu.tv\/familymanagement\/wp-json\/wp\/v2\/posts\/50809\/revisions"}],"predecessor-version":[{"id":50936,"href":"https:\/\/cheznu.tv\/familymanagement\/wp-json\/wp\/v2\/posts\/50809\/revisions\/50936"}],"wp:featuredmedia":[{"embeddable":true,"href":"https:\/\/cheznu.tv\/familymanagement\/wp-json\/wp\/v2\/media\/50939"}],"wp:attachment":[{"href":"https:\/\/cheznu.tv\/familymanagement\/wp-json\/wp\/v2\/media?parent=50809"}],"wp:term":[{"taxonomy":"category","embeddable":true,"href":"https:\/\/cheznu.tv\/familymanagement\/wp-json\/wp\/v2\/categories?post=50809"},{"taxonomy":"post_tag","embeddable":true,"href":"https:\/\/cheznu.tv\/familymanagement\/wp-json\/wp\/v2\/tags?post=50809"}],"curies":[{"name":"wp","href":"https:\/\/api.w.org\/{rel}","templated":true}]}}