{"id":29365,"date":"2020-03-01T14:00:25","date_gmt":"2020-03-01T13:00:25","guid":{"rendered":"https:\/\/cheznu.tv\/familymanagement\/?p=29365"},"modified":"2020-03-01T15:34:07","modified_gmt":"2020-03-01T14:34:07","slug":"tasche-mit-reissverschluss-naehen-mit-aussentasche-und-innenfaechern-tasche-luzern","status":"publish","type":"post","link":"https:\/\/cheznu.tv\/familymanagement\/tasche-mit-reissverschluss-naehen-mit-aussentasche-und-innenfaechern-tasche-luzern\/","title":{"rendered":"Tasche mit Rei\u00dfverschluss n\u00e4hen | mit Aussentasche und Innenf\u00e4chern | Tasche Luzern"},"content":{"rendered":"<p><div class=\"fusion-fullwidth fullwidth-box fusion-builder-row-1 nonhundred-percent-fullwidth non-hundred-percent-height-scrolling\" style=\"--awb-background-position:left top;--awb-border-radius-top-left:0px;--awb-border-radius-top-right:0px;--awb-border-radius-bottom-right:0px;--awb-border-radius-bottom-left:0px;--awb-padding-top:20px;--awb-padding-bottom:20px;--awb-border-sizes-top:0px;--awb-border-sizes-bottom:0px;--awb-flex-wrap:wrap;\" ><div class=\"fusion-builder-row fusion-row\"><div class=\"fusion-layout-column fusion_builder_column fusion-builder-column-0 fusion_builder_column_1_1 1_1 fusion-one-full fusion-column-first fusion-column-last fusion-column-no-min-height\" style=\"--awb-bg-size:cover;--awb-margin-bottom:0px;\"><div class=\"fusion-column-wrapper fusion-flex-column-wrapper-legacy\"><div class=\"fusion-text fusion-text-1\"><p>In diesem Blogartikel zeigen wir Dir, wie wir eine Tasche mit Reissverschluss n\u00e4hen. Wir zeigen Dir nicht nur den tiefer-gelegten Reissverschluss, sondern auch, wie wir die aufgesetzte Au\u00dfentasche n\u00e4hen und wie wir die Innenf\u00e4cher n\u00e4hen. Das kannst auch Du ganz einfach n\u00e4hen, wenn Du unserer Schritt-f\u00fcr-Schritt-Anleitung folgst.<\/p>\n<\/div><div class=\"fusion-clearfix\"><\/div><\/div><\/div><\/div><\/div><div class=\"fusion-fullwidth fullwidth-box fusion-builder-row-2 nonhundred-percent-fullwidth non-hundred-percent-height-scrolling\" style=\"--awb-background-position:left top;--awb-border-radius-top-left:0px;--awb-border-radius-top-right:0px;--awb-border-radius-bottom-right:0px;--awb-border-radius-bottom-left:0px;--awb-padding-top:20px;--awb-padding-bottom:20px;--awb-border-sizes-top:0px;--awb-border-sizes-bottom:0px;--awb-flex-wrap:wrap;\" ><div class=\"fusion-builder-row fusion-row\"><div class=\"fusion-layout-column fusion_builder_column fusion-builder-column-1 fusion_builder_column_1_1 1_1 fusion-one-full fusion-column-first fusion-column-last fusion-column-no-min-height\" style=\"--awb-bg-size:cover;--awb-margin-bottom:0px;\"><div class=\"fusion-column-wrapper fusion-flex-column-wrapper-legacy\"><div class=\"fusion-video fusion-youtube\" style=\"--awb-max-width:600px;--awb-max-height:350px;\" data-autoplay=\"1\"><div class=\"video-shortcode\"><div class=\"fluid-width-video-wrapper\" style=\"padding-top:58.33%;\" ><iframe title=\"YouTube video player 1\" src=\"https:\/\/www.youtube.com\/embed\/on6Q0x5ytsQ?wmode=transparent&autoplay=0\" width=\"600\" height=\"350\" allowfullscreen allow=\"autoplay; clipboard-write; encrypted-media; gyroscope; picture-in-picture;\"><\/iframe><\/div><\/div><\/div><div class=\"fusion-clearfix\"><\/div><\/div><\/div><\/div><\/div><div class=\"fusion-fullwidth fullwidth-box fusion-builder-row-3 nonhundred-percent-fullwidth non-hundred-percent-height-scrolling\" style=\"--awb-background-position:left top;--awb-border-radius-top-left:0px;--awb-border-radius-top-right:0px;--awb-border-radius-bottom-right:0px;--awb-border-radius-bottom-left:0px;--awb-padding-top:20px;--awb-padding-bottom:20px;--awb-border-sizes-top:0px;--awb-border-sizes-bottom:0px;--awb-flex-wrap:wrap;\" ><div class=\"fusion-builder-row fusion-row\"><div class=\"fusion-layout-column fusion_builder_column fusion-builder-column-2 fusion_builder_column_1_1 1_1 fusion-one-full fusion-column-first fusion-column-last fusion-column-no-min-height\" style=\"--awb-bg-size:cover;--awb-margin-bottom:0px;\"><div class=\"fusion-column-wrapper fusion-flex-column-wrapper-legacy\"><div class=\"fusion-button-wrapper\"><a class=\"fusion-button button-flat button-xlarge button-darkgreen fusion-button-darkgreen button-1 fusion-button-default-span fusion-button-default-type\" target=\"_self\" href=\"https:\/\/cheznu.tv\/familymanagement\/produkt\/tasche-luzern-schnittmuster-zum-ausdruckentasche-luzern-schnittmuster\/\"><i class=\"fa-cut fas awb-button__icon awb-button__icon--default button-icon-left\" aria-hidden=\"true\"><\/i><span class=\"fusion-button-text awb-button__text awb-button__text--default\">Schnittmuster<\/span><\/a><\/div><div class=\"fusion-clearfix\"><\/div><\/div><\/div><\/div><\/div><div class=\"fusion-fullwidth fullwidth-box fusion-builder-row-4 nonhundred-percent-fullwidth non-hundred-percent-height-scrolling\" style=\"--awb-background-position:left top;--awb-border-radius-top-left:0px;--awb-border-radius-top-right:0px;--awb-border-radius-bottom-right:0px;--awb-border-radius-bottom-left:0px;--awb-padding-top:20px;--awb-padding-bottom:20px;--awb-border-sizes-top:0px;--awb-border-sizes-bottom:0px;--awb-flex-wrap:wrap;\" ><div class=\"fusion-builder-row fusion-row\"><div class=\"fusion-layout-column fusion_builder_column fusion-builder-column-3 fusion_builder_column_1_1 1_1 fusion-one-full fusion-column-first fusion-column-last fusion-column-no-min-height\" style=\"--awb-bg-size:cover;--awb-margin-bottom:0px;\"><div class=\"fusion-column-wrapper fusion-flex-column-wrapper-legacy\"><div class=\"fusion-title title fusion-title-1 fusion-title-text fusion-title-size-two\" style=\"--awb-margin-top-small:10px;--awb-margin-right-small:0px;--awb-margin-bottom-small:10px;--awb-margin-left-small:0px;\"><h2 class=\"fusion-title-heading title-heading-left\" style=\"margin:0;\">Schnittteile und Material &#8211; Tasche mit Reissverschluss n\u00e4hen<\/h2><span class=\"awb-title-spacer\"><\/span><div class=\"title-sep-container\"><div class=\"title-sep sep-double sep-solid\" style=\"border-color:#e2e2e2;\"><\/div><\/div><\/div><div class=\"fusion-clearfix\"><\/div><\/div><\/div><div class=\"fusion-layout-column fusion_builder_column fusion-builder-column-4 fusion_builder_column_1_2 1_2 fusion-one-half fusion-column-first\" style=\"--awb-bg-size:cover;width:50%;width:calc(50% - ( ( 4% ) * 0.5 ) );margin-right: 4%;\"><div class=\"fusion-column-wrapper fusion-column-has-shadow fusion-flex-column-wrapper-legacy\"><div class=\"fusion-image-element in-legacy-container\" style=\"--awb-caption-title-font-family:var(--h2_typography-font-family);--awb-caption-title-font-weight:var(--h2_typography-font-weight);--awb-caption-title-font-style:var(--h2_typography-font-style);--awb-caption-title-size:var(--h2_typography-font-size);--awb-caption-title-transform:var(--h2_typography-text-transform);--awb-caption-title-line-height:var(--h2_typography-line-height);--awb-caption-title-letter-spacing:var(--h2_typography-letter-spacing);\"><span class=\" fusion-imageframe imageframe-none imageframe-1 hover-type-none\"><img decoding=\"async\" width=\"1000\" height=\"647\" alt=\"Tasche n\u00e4hen mit Reissverschluss Aussentasche und Innenf\u00e4chern - 01 Schnitteile\" title=\"Tasche n\u00e4hen mit Reissverschluss Aussentasche und Innenf\u00e4chern &#8211; 01 Schnitteile\" src=\"https:\/\/cheznu.tv\/familymanagement\/wp-content\/uploads\/2020\/02\/Tasche-n\u00e4hen-mit-Reissverschluss-Aussentasche-und-Innenf\u00e4chern-01-Schnitteile.jpg\" class=\"img-responsive wp-image-29367\" srcset=\"https:\/\/cheznu.tv\/familymanagement\/wp-content\/uploads\/2020\/02\/Tasche-n\u00e4hen-mit-Reissverschluss-Aussentasche-und-Innenf\u00e4chern-01-Schnitteile-200x129.jpg 200w, https:\/\/cheznu.tv\/familymanagement\/wp-content\/uploads\/2020\/02\/Tasche-n\u00e4hen-mit-Reissverschluss-Aussentasche-und-Innenf\u00e4chern-01-Schnitteile-400x259.jpg 400w, https:\/\/cheznu.tv\/familymanagement\/wp-content\/uploads\/2020\/02\/Tasche-n\u00e4hen-mit-Reissverschluss-Aussentasche-und-Innenf\u00e4chern-01-Schnitteile-600x388.jpg 600w, https:\/\/cheznu.tv\/familymanagement\/wp-content\/uploads\/2020\/02\/Tasche-n\u00e4hen-mit-Reissverschluss-Aussentasche-und-Innenf\u00e4chern-01-Schnitteile-800x518.jpg 800w, https:\/\/cheznu.tv\/familymanagement\/wp-content\/uploads\/2020\/02\/Tasche-n\u00e4hen-mit-Reissverschluss-Aussentasche-und-Innenf\u00e4chern-01-Schnitteile.jpg 1000w\" sizes=\"(max-width: 800px) 100vw, 600px\" \/><\/span><\/div><div class=\"fusion-clearfix\"><\/div><\/div><\/div><div class=\"fusion-layout-column fusion_builder_column fusion-builder-column-5 fusion_builder_column_1_2 1_2 fusion-one-half fusion-column-last\" style=\"--awb-bg-size:cover;width:50%;width:calc(50% - ( ( 4% ) * 0.5 ) );\"><div class=\"fusion-column-wrapper fusion-column-has-shadow fusion-flex-column-wrapper-legacy\"><div class=\"fusion-image-element in-legacy-container\" style=\"--awb-caption-title-font-family:var(--h2_typography-font-family);--awb-caption-title-font-weight:var(--h2_typography-font-weight);--awb-caption-title-font-style:var(--h2_typography-font-style);--awb-caption-title-size:var(--h2_typography-font-size);--awb-caption-title-transform:var(--h2_typography-text-transform);--awb-caption-title-line-height:var(--h2_typography-line-height);--awb-caption-title-letter-spacing:var(--h2_typography-letter-spacing);\"><span class=\" fusion-imageframe imageframe-none imageframe-2 hover-type-none\"><img decoding=\"async\" width=\"1000\" height=\"563\" alt=\"Tasche n\u00e4hen mit Reissverschluss Aussentasche und Innenf\u00e4chern - 02 Schnittteile\" title=\"Tasche n\u00e4hen mit Reissverschluss Aussentasche und Innenf\u00e4chern &#8211; 02 Schnittteile\" src=\"https:\/\/cheznu.tv\/familymanagement\/wp-content\/uploads\/2020\/02\/Tasche-n\u00e4hen-mit-Reissverschluss-Aussentasche-und-Innenf\u00e4chern-02-Schnittteile.jpg\" class=\"img-responsive wp-image-29368\" srcset=\"https:\/\/cheznu.tv\/familymanagement\/wp-content\/uploads\/2020\/02\/Tasche-n\u00e4hen-mit-Reissverschluss-Aussentasche-und-Innenf\u00e4chern-02-Schnittteile-200x113.jpg 200w, https:\/\/cheznu.tv\/familymanagement\/wp-content\/uploads\/2020\/02\/Tasche-n\u00e4hen-mit-Reissverschluss-Aussentasche-und-Innenf\u00e4chern-02-Schnittteile-400x225.jpg 400w, https:\/\/cheznu.tv\/familymanagement\/wp-content\/uploads\/2020\/02\/Tasche-n\u00e4hen-mit-Reissverschluss-Aussentasche-und-Innenf\u00e4chern-02-Schnittteile-600x338.jpg 600w, https:\/\/cheznu.tv\/familymanagement\/wp-content\/uploads\/2020\/02\/Tasche-n\u00e4hen-mit-Reissverschluss-Aussentasche-und-Innenf\u00e4chern-02-Schnittteile-800x450.jpg 800w, https:\/\/cheznu.tv\/familymanagement\/wp-content\/uploads\/2020\/02\/Tasche-n\u00e4hen-mit-Reissverschluss-Aussentasche-und-Innenf\u00e4chern-02-Schnittteile.jpg 1000w\" sizes=\"(max-width: 800px) 100vw, 600px\" \/><\/span><\/div><div class=\"fusion-clearfix\"><\/div><\/div><\/div><\/div><\/div><div class=\"fusion-fullwidth fullwidth-box fusion-builder-row-5 nonhundred-percent-fullwidth non-hundred-percent-height-scrolling\" style=\"--awb-background-position:left top;--awb-border-radius-top-left:0px;--awb-border-radius-top-right:0px;--awb-border-radius-bottom-right:0px;--awb-border-radius-bottom-left:0px;--awb-padding-top:20px;--awb-padding-bottom:20px;--awb-border-sizes-top:0px;--awb-border-sizes-bottom:0px;--awb-flex-wrap:wrap;\" ><div class=\"fusion-builder-row fusion-row\"><div class=\"fusion-layout-column fusion_builder_column fusion-builder-column-6 fusion_builder_column_1_1 1_1 fusion-one-full fusion-column-first fusion-column-last fusion-column-no-min-height\" style=\"--awb-bg-size:cover;--awb-margin-bottom:0px;\"><div class=\"fusion-column-wrapper fusion-flex-column-wrapper-legacy\"><div class=\"fusion-text fusion-text-2\"><p>Bei unserer Stoffauswahl haben wir uns f\u00fcr den Aussenstoff f\u00fcr eine laminierte Baumwolle entschieden. Das Futter besteht aus einem Baumwollstoff, hier aus der <a href=\"https:\/\/www.awin1.com\/cread.php?awinmid=14337&amp;awinaffid=633500&amp;clickref=cheznu-tasche-luzern&amp;p=%5B%5Bhttps%253A%252F%252Fwww.stoffe.de%252Factions%252FViewStandardCatalog-Browse%253FCategoryName%253D050_045%2526CatalogID%253DMaster%5D%5D\" target=\"_blank\" rel=\"noopener noreferrer\">Ring a Roses-Kollektion von G\u00fctermann<\/a>. Als Verschluss f\u00fcr die aufgesetzte Tasche haben wir uns f\u00fcr ein <a href=\"https:\/\/amzn.to\/2TaUVYE\" target=\"_blank\" rel=\"noopener noreferrer\">Steckschloss von Prym<\/a> entschieden. Dieses aufgesetzte T\u00e4schchen l\u00e4sst sich auch sehr gut mit einem Druckknopf oder Klettverschluss schliessen.<\/p>\n<\/div><div class=\"fusion-image-element in-legacy-container\" style=\"--awb-caption-title-font-family:var(--h2_typography-font-family);--awb-caption-title-font-weight:var(--h2_typography-font-weight);--awb-caption-title-font-style:var(--h2_typography-font-style);--awb-caption-title-size:var(--h2_typography-font-size);--awb-caption-title-transform:var(--h2_typography-text-transform);--awb-caption-title-line-height:var(--h2_typography-line-height);--awb-caption-title-letter-spacing:var(--h2_typography-letter-spacing);\"><span class=\" fusion-imageframe imageframe-none imageframe-3 hover-type-none\"><img decoding=\"async\" width=\"1000\" height=\"563\" alt=\"Tasche n\u00e4hen mit Reissverschluss Aussentasche und Innenf\u00e4chern - 03 Schnittteile\" title=\"Tasche n\u00e4hen mit Reissverschluss Aussentasche und Innenf\u00e4chern &#8211; 03 Schnittteile\" src=\"https:\/\/cheznu.tv\/familymanagement\/wp-content\/uploads\/2020\/02\/Tasche-n\u00e4hen-mit-Reissverschluss-Aussentasche-und-Innenf\u00e4chern-03-Schnittteile.jpg\" class=\"img-responsive wp-image-29369\" srcset=\"https:\/\/cheznu.tv\/familymanagement\/wp-content\/uploads\/2020\/02\/Tasche-n\u00e4hen-mit-Reissverschluss-Aussentasche-und-Innenf\u00e4chern-03-Schnittteile-200x113.jpg 200w, https:\/\/cheznu.tv\/familymanagement\/wp-content\/uploads\/2020\/02\/Tasche-n\u00e4hen-mit-Reissverschluss-Aussentasche-und-Innenf\u00e4chern-03-Schnittteile-400x225.jpg 400w, https:\/\/cheznu.tv\/familymanagement\/wp-content\/uploads\/2020\/02\/Tasche-n\u00e4hen-mit-Reissverschluss-Aussentasche-und-Innenf\u00e4chern-03-Schnittteile-600x338.jpg 600w, https:\/\/cheznu.tv\/familymanagement\/wp-content\/uploads\/2020\/02\/Tasche-n\u00e4hen-mit-Reissverschluss-Aussentasche-und-Innenf\u00e4chern-03-Schnittteile-800x450.jpg 800w, https:\/\/cheznu.tv\/familymanagement\/wp-content\/uploads\/2020\/02\/Tasche-n\u00e4hen-mit-Reissverschluss-Aussentasche-und-Innenf\u00e4chern-03-Schnittteile.jpg 1000w\" sizes=\"(max-width: 800px) 100vw, 1000px\" \/><\/span><\/div><div class=\"fusion-clearfix\"><\/div><\/div><\/div><\/div><\/div><div class=\"fusion-fullwidth fullwidth-box fusion-builder-row-6 nonhundred-percent-fullwidth non-hundred-percent-height-scrolling\" style=\"--awb-background-position:left top;--awb-border-radius-top-left:0px;--awb-border-radius-top-right:0px;--awb-border-radius-bottom-right:0px;--awb-border-radius-bottom-left:0px;--awb-padding-top:20px;--awb-padding-bottom:20px;--awb-border-sizes-top:0px;--awb-border-sizes-bottom:0px;--awb-flex-wrap:wrap;\" ><div class=\"fusion-builder-row fusion-row\"><div class=\"fusion-layout-column fusion_builder_column fusion-builder-column-7 fusion_builder_column_1_1 1_1 fusion-one-full fusion-column-first fusion-column-last fusion-column-no-min-height\" style=\"--awb-bg-size:cover;--awb-margin-bottom:0px;\"><div class=\"fusion-column-wrapper fusion-flex-column-wrapper-legacy\"><div class=\"fusion-text fusion-text-3\"><p>Das Gurtband wird mit 4-kant Ringen an die Tasche angebracht. Das Reissverschluss-Ende haben wir mit einem kleinen Tag versehen. Diese Ringe, Verschl\u00fcsse gehen machmal ganz sch\u00f6n ins Geld. Schau Dir mal unseren Artikel <a href=\"https:\/\/cheznu.tv\/familymanagement\/10-tipps-sparen-beim-naehen\/\">Sparen beim N\u00e4hen<\/a> an, das verraten wir Dir, wo du solches Zubeh\u00f6r g\u00fcnstig bekommst.<\/p>\n<\/div><div class=\"fusion-image-element in-legacy-container\" style=\"--awb-caption-title-font-family:var(--h2_typography-font-family);--awb-caption-title-font-weight:var(--h2_typography-font-weight);--awb-caption-title-font-style:var(--h2_typography-font-style);--awb-caption-title-size:var(--h2_typography-font-size);--awb-caption-title-transform:var(--h2_typography-text-transform);--awb-caption-title-line-height:var(--h2_typography-line-height);--awb-caption-title-letter-spacing:var(--h2_typography-letter-spacing);\"><span class=\" fusion-imageframe imageframe-none imageframe-4 hover-type-none\"><img decoding=\"async\" width=\"1000\" height=\"892\" alt=\"Tasche n\u00e4hen mit Reissverschluss Aussentasche und Innenf\u00e4chern - 05 N\u00e4hfuss\" title=\"Tasche n\u00e4hen mit Reissverschluss Aussentasche und Innenf\u00e4chern &#8211; 05 N\u00e4hfuss\" src=\"https:\/\/cheznu.tv\/familymanagement\/wp-content\/uploads\/2020\/02\/Tasche-n\u00e4hen-mit-Reissverschluss-Aussentasche-und-Innenf\u00e4chern-05-N\u00e4hfuss.jpg\" class=\"img-responsive wp-image-29371\" srcset=\"https:\/\/cheznu.tv\/familymanagement\/wp-content\/uploads\/2020\/02\/Tasche-n\u00e4hen-mit-Reissverschluss-Aussentasche-und-Innenf\u00e4chern-05-N\u00e4hfuss-200x178.jpg 200w, https:\/\/cheznu.tv\/familymanagement\/wp-content\/uploads\/2020\/02\/Tasche-n\u00e4hen-mit-Reissverschluss-Aussentasche-und-Innenf\u00e4chern-05-N\u00e4hfuss-400x357.jpg 400w, https:\/\/cheznu.tv\/familymanagement\/wp-content\/uploads\/2020\/02\/Tasche-n\u00e4hen-mit-Reissverschluss-Aussentasche-und-Innenf\u00e4chern-05-N\u00e4hfuss-600x535.jpg 600w, https:\/\/cheznu.tv\/familymanagement\/wp-content\/uploads\/2020\/02\/Tasche-n\u00e4hen-mit-Reissverschluss-Aussentasche-und-Innenf\u00e4chern-05-N\u00e4hfuss-800x714.jpg 800w, https:\/\/cheznu.tv\/familymanagement\/wp-content\/uploads\/2020\/02\/Tasche-n\u00e4hen-mit-Reissverschluss-Aussentasche-und-Innenf\u00e4chern-05-N\u00e4hfuss.jpg 1000w\" sizes=\"(max-width: 800px) 100vw, 1000px\" \/><\/span><\/div><div class=\"fusion-clearfix\"><\/div><\/div><\/div><\/div><\/div><div class=\"fusion-fullwidth fullwidth-box fusion-builder-row-7 nonhundred-percent-fullwidth non-hundred-percent-height-scrolling\" style=\"--awb-background-position:left top;--awb-border-radius-top-left:0px;--awb-border-radius-top-right:0px;--awb-border-radius-bottom-right:0px;--awb-border-radius-bottom-left:0px;--awb-padding-top:20px;--awb-padding-bottom:20px;--awb-border-sizes-top:0px;--awb-border-sizes-bottom:0px;--awb-flex-wrap:wrap;\" ><div class=\"fusion-builder-row fusion-row\"><div class=\"fusion-layout-column fusion_builder_column fusion-builder-column-8 fusion_builder_column_1_1 1_1 fusion-one-full fusion-column-first fusion-column-last fusion-column-no-min-height\" style=\"--awb-bg-size:cover;--awb-margin-bottom:0px;\"><div class=\"fusion-column-wrapper fusion-flex-column-wrapper-legacy\"><div class=\"fusion-text fusion-text-4\"><p>Gen\u00e4ht haben wir das gesamte Projekt mit einem Teflon-N\u00e4hfuss. Dieser haftet nicht an der Beschichtung und ist gemacht f\u00fcr Kunstleder, Wachstuch und eben laminierte Baumwolle.<\/p>\n<p>Der Teflon-N\u00e4hfuss ist auch in der Liste\u00a0<a href=\"https:\/\/cheznu.tv\/familymanagement\/6-naehfuesse-die-man-wirklich-braucht\/\">6 N\u00e4hf\u00fcsse die man wirklich braucht<\/a>.<\/p>\n<\/div><div class=\"fusion-title title fusion-title-2 fusion-title-text fusion-title-size-two\" style=\"--awb-margin-top-small:10px;--awb-margin-right-small:0px;--awb-margin-bottom-small:10px;--awb-margin-left-small:0px;\"><h2 class=\"fusion-title-heading title-heading-left\" style=\"margin:0;\">Aufgesetzte Tasche n\u00e4hen f\u00fcr die Tasche mit Reissverschluss<\/h2><span class=\"awb-title-spacer\"><\/span><div class=\"title-sep-container\"><div class=\"title-sep sep-double sep-solid\" style=\"border-color:#e2e2e2;\"><\/div><\/div><\/div><div class=\"fusion-image-element in-legacy-container\" style=\"--awb-caption-title-font-family:var(--h2_typography-font-family);--awb-caption-title-font-weight:var(--h2_typography-font-weight);--awb-caption-title-font-style:var(--h2_typography-font-style);--awb-caption-title-size:var(--h2_typography-font-size);--awb-caption-title-transform:var(--h2_typography-text-transform);--awb-caption-title-line-height:var(--h2_typography-line-height);--awb-caption-title-letter-spacing:var(--h2_typography-letter-spacing);\"><span class=\" fusion-imageframe imageframe-none imageframe-5 hover-type-none\"><img decoding=\"async\" width=\"1000\" height=\"667\" alt=\"Tasche n\u00e4hen mit Reissverschluss Aussentasche und Innenf\u00e4chern - 06 Aufgesetzte Tasche platzieren\" title=\"Tasche n\u00e4hen mit Reissverschluss Aussentasche und Innenf\u00e4chern &#8211; 06 Aufgesetzte Tasche platzieren\" src=\"https:\/\/cheznu.tv\/familymanagement\/wp-content\/uploads\/2020\/02\/Tasche-n\u00e4hen-mit-Reissverschluss-Aussentasche-und-Innenf\u00e4chern-06-Aufgesetzte-Tasche-platzieren.jpg\" class=\"img-responsive wp-image-29372\" srcset=\"https:\/\/cheznu.tv\/familymanagement\/wp-content\/uploads\/2020\/02\/Tasche-n\u00e4hen-mit-Reissverschluss-Aussentasche-und-Innenf\u00e4chern-06-Aufgesetzte-Tasche-platzieren-200x133.jpg 200w, https:\/\/cheznu.tv\/familymanagement\/wp-content\/uploads\/2020\/02\/Tasche-n\u00e4hen-mit-Reissverschluss-Aussentasche-und-Innenf\u00e4chern-06-Aufgesetzte-Tasche-platzieren-400x267.jpg 400w, https:\/\/cheznu.tv\/familymanagement\/wp-content\/uploads\/2020\/02\/Tasche-n\u00e4hen-mit-Reissverschluss-Aussentasche-und-Innenf\u00e4chern-06-Aufgesetzte-Tasche-platzieren-600x400.jpg 600w, https:\/\/cheznu.tv\/familymanagement\/wp-content\/uploads\/2020\/02\/Tasche-n\u00e4hen-mit-Reissverschluss-Aussentasche-und-Innenf\u00e4chern-06-Aufgesetzte-Tasche-platzieren-800x534.jpg 800w, https:\/\/cheznu.tv\/familymanagement\/wp-content\/uploads\/2020\/02\/Tasche-n\u00e4hen-mit-Reissverschluss-Aussentasche-und-Innenf\u00e4chern-06-Aufgesetzte-Tasche-platzieren.jpg 1000w\" sizes=\"(max-width: 800px) 100vw, 1000px\" \/><\/span><\/div><div class=\"fusion-clearfix\"><\/div><\/div><\/div><\/div><\/div><div class=\"fusion-fullwidth fullwidth-box fusion-builder-row-8 nonhundred-percent-fullwidth non-hundred-percent-height-scrolling\" style=\"--awb-background-position:left top;--awb-border-radius-top-left:0px;--awb-border-radius-top-right:0px;--awb-border-radius-bottom-right:0px;--awb-border-radius-bottom-left:0px;--awb-padding-top:20px;--awb-padding-bottom:20px;--awb-border-sizes-top:0px;--awb-border-sizes-bottom:0px;--awb-flex-wrap:wrap;\" ><div class=\"fusion-builder-row fusion-row\"><div class=\"fusion-layout-column fusion_builder_column fusion-builder-column-9 fusion_builder_column_1_1 1_1 fusion-one-full fusion-column-first fusion-column-last fusion-column-no-min-height\" style=\"--awb-bg-size:cover;--awb-margin-bottom:0px;\"><div class=\"fusion-column-wrapper fusion-flex-column-wrapper-legacy\"><div class=\"fusion-text fusion-text-5\"><p>Die Position der aufgesetzten Tasche auf der Vorderseite ist auf dem Schnittmuster eingezeichnet. Wichtig ist, dass sie nat\u00fcrlich gerade sitzt und nicht zu weit rechts oder links.<\/p>\n<\/div><div class=\"fusion-image-element in-legacy-container\" style=\"--awb-caption-title-font-family:var(--h2_typography-font-family);--awb-caption-title-font-weight:var(--h2_typography-font-weight);--awb-caption-title-font-style:var(--h2_typography-font-style);--awb-caption-title-size:var(--h2_typography-font-size);--awb-caption-title-transform:var(--h2_typography-text-transform);--awb-caption-title-line-height:var(--h2_typography-line-height);--awb-caption-title-letter-spacing:var(--h2_typography-letter-spacing);\"><span class=\" fusion-imageframe imageframe-none imageframe-6 hover-type-none\"><img decoding=\"async\" width=\"1000\" height=\"667\" alt=\"Tasche n\u00e4hen mit Reissverschluss Aussentasche und Innenf\u00e4chern - 07 Steckschloss vorbereiten\" title=\"Tasche n\u00e4hen mit Reissverschluss Aussentasche und Innenf\u00e4chern &#8211; 07 Steckschloss vorbereiten\" src=\"https:\/\/cheznu.tv\/familymanagement\/wp-content\/uploads\/2020\/02\/Tasche-n\u00e4hen-mit-Reissverschluss-Aussentasche-und-Innenf\u00e4chern-07-Steckschloss-vorbereiten.jpg\" class=\"img-responsive wp-image-29373\" srcset=\"https:\/\/cheznu.tv\/familymanagement\/wp-content\/uploads\/2020\/02\/Tasche-n\u00e4hen-mit-Reissverschluss-Aussentasche-und-Innenf\u00e4chern-07-Steckschloss-vorbereiten-200x133.jpg 200w, https:\/\/cheznu.tv\/familymanagement\/wp-content\/uploads\/2020\/02\/Tasche-n\u00e4hen-mit-Reissverschluss-Aussentasche-und-Innenf\u00e4chern-07-Steckschloss-vorbereiten-400x267.jpg 400w, https:\/\/cheznu.tv\/familymanagement\/wp-content\/uploads\/2020\/02\/Tasche-n\u00e4hen-mit-Reissverschluss-Aussentasche-und-Innenf\u00e4chern-07-Steckschloss-vorbereiten-600x400.jpg 600w, https:\/\/cheznu.tv\/familymanagement\/wp-content\/uploads\/2020\/02\/Tasche-n\u00e4hen-mit-Reissverschluss-Aussentasche-und-Innenf\u00e4chern-07-Steckschloss-vorbereiten-800x534.jpg 800w, https:\/\/cheznu.tv\/familymanagement\/wp-content\/uploads\/2020\/02\/Tasche-n\u00e4hen-mit-Reissverschluss-Aussentasche-und-Innenf\u00e4chern-07-Steckschloss-vorbereiten.jpg 1000w\" sizes=\"(max-width: 800px) 100vw, 1000px\" \/><\/span><\/div><div class=\"fusion-clearfix\"><\/div><\/div><\/div><\/div><\/div><div class=\"fusion-fullwidth fullwidth-box fusion-builder-row-9 nonhundred-percent-fullwidth non-hundred-percent-height-scrolling\" style=\"--awb-background-position:left top;--awb-border-radius-top-left:0px;--awb-border-radius-top-right:0px;--awb-border-radius-bottom-right:0px;--awb-border-radius-bottom-left:0px;--awb-padding-top:20px;--awb-padding-bottom:20px;--awb-border-sizes-top:0px;--awb-border-sizes-bottom:0px;--awb-flex-wrap:wrap;\" ><div class=\"fusion-builder-row fusion-row\"><div class=\"fusion-layout-column fusion_builder_column fusion-builder-column-10 fusion_builder_column_1_1 1_1 fusion-one-full fusion-column-first fusion-column-last fusion-column-no-min-height\" style=\"--awb-bg-size:cover;--awb-margin-bottom:0px;\"><div class=\"fusion-column-wrapper fusion-flex-column-wrapper-legacy\"><div class=\"fusion-text fusion-text-6\"><p>Aber vor den aufn\u00e4hen m\u00fcssen die Ecken abgen\u00e4ht werden und die obere Kante ges\u00e4umt. Da man solche beschichtete Materialien nicht mit Stecknadeln fixieren kann, solltet Ihr <a href=\"https:\/\/amzn.to\/39adn97\" target=\"_blank\" rel=\"noopener noreferrer\">Wonder Clips<\/a> oder W\u00e4scheklammern verwenden. Ein <a href=\"https:\/\/amzn.to\/3af8I5Z\" target=\"_blank\" rel=\"noopener noreferrer\">Klebestift der sich auswaschen<\/a> l\u00e4sst ist auch sehr hilfreich.<\/p>\n<p>Die Stellen an die das Steckschloss angebracht werden haben wir mit <a href=\"https:\/\/www.awin1.com\/cread.php?awinmid=14825&amp;awinaffid=633500&amp;clickref=cheznu-tasche-luzern&amp;p=%5B%5Bhttps%253A%252F%252Fwww.stoffe-hemmers.de%252Fsnappap-mix-dina4%5D%5D\" target=\"_blank\" rel=\"noopener noreferrer\">SnapPap<\/a> verst\u00e4rkt. Daf\u00fcr kannst du aber auch einen festen Stoff oder Vlieseline verwenden. Wenn gar nichts anderes da ist, nimm gerne auch ein St\u00fcckchen <a href=\"https:\/\/cheznu.tv\/familymanagement\/tetrapack-upcycling-anleitung-box-aus-tetrapack-naehen\/\">TetraPack<\/a>.<\/p>\n<\/div><div class=\"fusion-clearfix\"><\/div><\/div><\/div><div class=\"fusion-layout-column fusion_builder_column fusion-builder-column-11 fusion_builder_column_1_3 1_3 fusion-one-third fusion-column-first\" style=\"--awb-bg-size:cover;width:33.333333333333%;width:calc(33.333333333333% - ( ( 4% + 4% ) * 0.33333333333333 ) );margin-right: 4%;\"><div class=\"fusion-column-wrapper fusion-column-has-shadow fusion-flex-column-wrapper-legacy\"><div class=\"fusion-image-element in-legacy-container\" style=\"--awb-caption-title-font-family:var(--h2_typography-font-family);--awb-caption-title-font-weight:var(--h2_typography-font-weight);--awb-caption-title-font-style:var(--h2_typography-font-style);--awb-caption-title-size:var(--h2_typography-font-size);--awb-caption-title-transform:var(--h2_typography-text-transform);--awb-caption-title-line-height:var(--h2_typography-line-height);--awb-caption-title-letter-spacing:var(--h2_typography-letter-spacing);\"><span class=\" fusion-imageframe imageframe-none imageframe-7 hover-type-none\"><img decoding=\"async\" width=\"1000\" height=\"652\" alt=\"Tasche n\u00e4hen mit Reissverschluss Aussentasche und Innenf\u00e4chern - 08 Tasche plazieren\" title=\"Tasche n\u00e4hen mit Reissverschluss Aussentasche und Innenf\u00e4chern &#8211; 08 Tasche plazieren\" src=\"https:\/\/cheznu.tv\/familymanagement\/wp-content\/uploads\/2020\/02\/Tasche-n\u00e4hen-mit-Reissverschluss-Aussentasche-und-Innenf\u00e4chern-08-Tasche-plazieren.jpg\" class=\"img-responsive wp-image-29374\" srcset=\"https:\/\/cheznu.tv\/familymanagement\/wp-content\/uploads\/2020\/02\/Tasche-n\u00e4hen-mit-Reissverschluss-Aussentasche-und-Innenf\u00e4chern-08-Tasche-plazieren-200x130.jpg 200w, https:\/\/cheznu.tv\/familymanagement\/wp-content\/uploads\/2020\/02\/Tasche-n\u00e4hen-mit-Reissverschluss-Aussentasche-und-Innenf\u00e4chern-08-Tasche-plazieren-400x261.jpg 400w, https:\/\/cheznu.tv\/familymanagement\/wp-content\/uploads\/2020\/02\/Tasche-n\u00e4hen-mit-Reissverschluss-Aussentasche-und-Innenf\u00e4chern-08-Tasche-plazieren-600x391.jpg 600w, https:\/\/cheznu.tv\/familymanagement\/wp-content\/uploads\/2020\/02\/Tasche-n\u00e4hen-mit-Reissverschluss-Aussentasche-und-Innenf\u00e4chern-08-Tasche-plazieren-800x522.jpg 800w, https:\/\/cheznu.tv\/familymanagement\/wp-content\/uploads\/2020\/02\/Tasche-n\u00e4hen-mit-Reissverschluss-Aussentasche-und-Innenf\u00e4chern-08-Tasche-plazieren.jpg 1000w\" sizes=\"(max-width: 800px) 100vw, 400px\" \/><\/span><\/div><div class=\"fusion-clearfix\"><\/div><\/div><\/div><div class=\"fusion-layout-column fusion_builder_column fusion-builder-column-12 fusion_builder_column_1_3 1_3 fusion-one-third\" style=\"--awb-bg-size:cover;width:33.333333333333%;width:calc(33.333333333333% - ( ( 4% + 4% ) * 0.33333333333333 ) );margin-right: 4%;\"><div class=\"fusion-column-wrapper fusion-column-has-shadow fusion-flex-column-wrapper-legacy\"><div class=\"fusion-image-element in-legacy-container\" style=\"--awb-caption-title-font-family:var(--h2_typography-font-family);--awb-caption-title-font-weight:var(--h2_typography-font-weight);--awb-caption-title-font-style:var(--h2_typography-font-style);--awb-caption-title-size:var(--h2_typography-font-size);--awb-caption-title-transform:var(--h2_typography-text-transform);--awb-caption-title-line-height:var(--h2_typography-line-height);--awb-caption-title-letter-spacing:var(--h2_typography-letter-spacing);\"><span class=\" fusion-imageframe imageframe-none imageframe-8 hover-type-none\"><img decoding=\"async\" width=\"1000\" height=\"751\" alt=\"Tasche n\u00e4hen mit Reissverschluss Aussentasche und Innenf\u00e4chern - 09 Tasche von vorne\" title=\"Tasche n\u00e4hen mit Reissverschluss Aussentasche und Innenf\u00e4chern &#8211; 09 Tasche von vorne\" src=\"https:\/\/cheznu.tv\/familymanagement\/wp-content\/uploads\/2020\/02\/Tasche-n\u00e4hen-mit-Reissverschluss-Aussentasche-und-Innenf\u00e4chern-09-Tasche-von-vorne.jpg\" class=\"img-responsive wp-image-29375\" srcset=\"https:\/\/cheznu.tv\/familymanagement\/wp-content\/uploads\/2020\/02\/Tasche-n\u00e4hen-mit-Reissverschluss-Aussentasche-und-Innenf\u00e4chern-09-Tasche-von-vorne-200x150.jpg 200w, https:\/\/cheznu.tv\/familymanagement\/wp-content\/uploads\/2020\/02\/Tasche-n\u00e4hen-mit-Reissverschluss-Aussentasche-und-Innenf\u00e4chern-09-Tasche-von-vorne-400x300.jpg 400w, https:\/\/cheznu.tv\/familymanagement\/wp-content\/uploads\/2020\/02\/Tasche-n\u00e4hen-mit-Reissverschluss-Aussentasche-und-Innenf\u00e4chern-09-Tasche-von-vorne-600x451.jpg 600w, https:\/\/cheznu.tv\/familymanagement\/wp-content\/uploads\/2020\/02\/Tasche-n\u00e4hen-mit-Reissverschluss-Aussentasche-und-Innenf\u00e4chern-09-Tasche-von-vorne-800x601.jpg 800w, https:\/\/cheznu.tv\/familymanagement\/wp-content\/uploads\/2020\/02\/Tasche-n\u00e4hen-mit-Reissverschluss-Aussentasche-und-Innenf\u00e4chern-09-Tasche-von-vorne.jpg 1000w\" sizes=\"(max-width: 800px) 100vw, 400px\" \/><\/span><\/div><div class=\"fusion-clearfix\"><\/div><\/div><\/div><div class=\"fusion-layout-column fusion_builder_column fusion-builder-column-13 fusion_builder_column_1_3 1_3 fusion-one-third fusion-column-last\" style=\"--awb-bg-size:cover;width:33.333333333333%;width:calc(33.333333333333% - ( ( 4% + 4% ) * 0.33333333333333 ) );\"><div class=\"fusion-column-wrapper fusion-column-has-shadow fusion-flex-column-wrapper-legacy\"><div class=\"fusion-image-element in-legacy-container\" style=\"--awb-caption-title-font-family:var(--h2_typography-font-family);--awb-caption-title-font-weight:var(--h2_typography-font-weight);--awb-caption-title-font-style:var(--h2_typography-font-style);--awb-caption-title-size:var(--h2_typography-font-size);--awb-caption-title-transform:var(--h2_typography-text-transform);--awb-caption-title-line-height:var(--h2_typography-line-height);--awb-caption-title-letter-spacing:var(--h2_typography-letter-spacing);\"><span class=\" fusion-imageframe imageframe-none imageframe-9 hover-type-none\"><img decoding=\"async\" width=\"1000\" height=\"685\" alt=\"Tasche n\u00e4hen mit Reissverschluss Aussentasche und Innenf\u00e4chern - 10 Tasche von hinten\" title=\"Tasche n\u00e4hen mit Reissverschluss Aussentasche und Innenf\u00e4chern &#8211; 10 Tasche von hinten\" src=\"https:\/\/cheznu.tv\/familymanagement\/wp-content\/uploads\/2020\/02\/Tasche-n\u00e4hen-mit-Reissverschluss-Aussentasche-und-Innenf\u00e4chern-10-Tasche-von-hinten.jpg\" class=\"img-responsive wp-image-29376\" srcset=\"https:\/\/cheznu.tv\/familymanagement\/wp-content\/uploads\/2020\/02\/Tasche-n\u00e4hen-mit-Reissverschluss-Aussentasche-und-Innenf\u00e4chern-10-Tasche-von-hinten-200x137.jpg 200w, https:\/\/cheznu.tv\/familymanagement\/wp-content\/uploads\/2020\/02\/Tasche-n\u00e4hen-mit-Reissverschluss-Aussentasche-und-Innenf\u00e4chern-10-Tasche-von-hinten-400x274.jpg 400w, https:\/\/cheznu.tv\/familymanagement\/wp-content\/uploads\/2020\/02\/Tasche-n\u00e4hen-mit-Reissverschluss-Aussentasche-und-Innenf\u00e4chern-10-Tasche-von-hinten-600x411.jpg 600w, https:\/\/cheznu.tv\/familymanagement\/wp-content\/uploads\/2020\/02\/Tasche-n\u00e4hen-mit-Reissverschluss-Aussentasche-und-Innenf\u00e4chern-10-Tasche-von-hinten-800x548.jpg 800w, https:\/\/cheznu.tv\/familymanagement\/wp-content\/uploads\/2020\/02\/Tasche-n\u00e4hen-mit-Reissverschluss-Aussentasche-und-Innenf\u00e4chern-10-Tasche-von-hinten.jpg 1000w\" sizes=\"(max-width: 800px) 100vw, 400px\" \/><\/span><\/div><div class=\"fusion-clearfix\"><\/div><\/div><\/div><\/div><\/div><div class=\"fusion-fullwidth fullwidth-box fusion-builder-row-10 nonhundred-percent-fullwidth non-hundred-percent-height-scrolling\" style=\"--awb-background-position:left top;--awb-border-radius-top-left:0px;--awb-border-radius-top-right:0px;--awb-border-radius-bottom-right:0px;--awb-border-radius-bottom-left:0px;--awb-padding-top:20px;--awb-padding-bottom:20px;--awb-border-sizes-top:0px;--awb-border-sizes-bottom:0px;--awb-flex-wrap:wrap;\" ><div class=\"fusion-builder-row fusion-row\"><div class=\"fusion-layout-column fusion_builder_column fusion-builder-column-14 fusion_builder_column_1_1 1_1 fusion-one-full fusion-column-first fusion-column-last fusion-column-no-min-height\" style=\"--awb-bg-size:cover;--awb-margin-bottom:0px;\"><div class=\"fusion-column-wrapper fusion-flex-column-wrapper-legacy\"><div class=\"fusion-text fusion-text-7\"><p>Aber beim Aufsetzten der Tasche n\u00fctzen weder <a href=\"https:\/\/amzn.to\/39adn97\" target=\"_blank\" rel=\"noopener noreferrer\">Wonder Clips<\/a> noch irgend welche anderen Klammern. Am besten hat sich hier der gute alte Tesafilm bew\u00e4hrt. Einfach dar\u00fcber n\u00e4hen und anschliessend wegfummeln oder besser immer entfernen, wenn die Nadel kommt.<\/p>\n<p>Hier hast Du noch eine Ansicht der Tasche von aussen und von innen.<\/p>\n<\/div><div class=\"fusion-image-element in-legacy-container\" style=\"--awb-caption-title-font-family:var(--h2_typography-font-family);--awb-caption-title-font-weight:var(--h2_typography-font-weight);--awb-caption-title-font-style:var(--h2_typography-font-style);--awb-caption-title-size:var(--h2_typography-font-size);--awb-caption-title-transform:var(--h2_typography-text-transform);--awb-caption-title-line-height:var(--h2_typography-line-height);--awb-caption-title-letter-spacing:var(--h2_typography-letter-spacing);\"><span class=\" fusion-imageframe imageframe-none imageframe-10 hover-type-none\"><img decoding=\"async\" width=\"1000\" height=\"667\" alt=\"Tasche n\u00e4hen mit Reissverschluss Aussentasche und Innenf\u00e4chern - 11 Taschennaht oben\" title=\"Tasche n\u00e4hen mit Reissverschluss Aussentasche und Innenf\u00e4chern &#8211; 11 Taschennaht oben\" src=\"https:\/\/cheznu.tv\/familymanagement\/wp-content\/uploads\/2020\/02\/Tasche-n\u00e4hen-mit-Reissverschluss-Aussentasche-und-Innenf\u00e4chern-11-Taschennaht-oben.jpg\" class=\"img-responsive wp-image-29377\" srcset=\"https:\/\/cheznu.tv\/familymanagement\/wp-content\/uploads\/2020\/02\/Tasche-n\u00e4hen-mit-Reissverschluss-Aussentasche-und-Innenf\u00e4chern-11-Taschennaht-oben-200x133.jpg 200w, https:\/\/cheznu.tv\/familymanagement\/wp-content\/uploads\/2020\/02\/Tasche-n\u00e4hen-mit-Reissverschluss-Aussentasche-und-Innenf\u00e4chern-11-Taschennaht-oben-400x267.jpg 400w, https:\/\/cheznu.tv\/familymanagement\/wp-content\/uploads\/2020\/02\/Tasche-n\u00e4hen-mit-Reissverschluss-Aussentasche-und-Innenf\u00e4chern-11-Taschennaht-oben-600x400.jpg 600w, https:\/\/cheznu.tv\/familymanagement\/wp-content\/uploads\/2020\/02\/Tasche-n\u00e4hen-mit-Reissverschluss-Aussentasche-und-Innenf\u00e4chern-11-Taschennaht-oben-800x534.jpg 800w, https:\/\/cheznu.tv\/familymanagement\/wp-content\/uploads\/2020\/02\/Tasche-n\u00e4hen-mit-Reissverschluss-Aussentasche-und-Innenf\u00e4chern-11-Taschennaht-oben.jpg 1000w\" sizes=\"(max-width: 800px) 100vw, 1000px\" \/><\/span><\/div><div class=\"fusion-clearfix\"><\/div><\/div><\/div><\/div><\/div><div class=\"fusion-fullwidth fullwidth-box fusion-builder-row-11 nonhundred-percent-fullwidth non-hundred-percent-height-scrolling\" style=\"--awb-background-position:left top;--awb-border-radius-top-left:0px;--awb-border-radius-top-right:0px;--awb-border-radius-bottom-right:0px;--awb-border-radius-bottom-left:0px;--awb-padding-top:20px;--awb-padding-bottom:20px;--awb-border-sizes-top:0px;--awb-border-sizes-bottom:0px;--awb-flex-wrap:wrap;\" ><div class=\"fusion-builder-row fusion-row\"><div class=\"fusion-layout-column fusion_builder_column fusion-builder-column-15 fusion_builder_column_1_1 1_1 fusion-one-full fusion-column-first fusion-column-last fusion-column-no-min-height\" style=\"--awb-bg-size:cover;--awb-margin-bottom:0px;\"><div class=\"fusion-column-wrapper fusion-flex-column-wrapper-legacy\"><div class=\"fusion-text fusion-text-8\"><p>Oben haben wir auf beiden Seiten die Aufsetztasche noch etwas fixiert.<\/p>\n<\/div><div class=\"fusion-image-element in-legacy-container\" style=\"--awb-caption-title-font-family:var(--h2_typography-font-family);--awb-caption-title-font-weight:var(--h2_typography-font-weight);--awb-caption-title-font-style:var(--h2_typography-font-style);--awb-caption-title-size:var(--h2_typography-font-size);--awb-caption-title-transform:var(--h2_typography-text-transform);--awb-caption-title-line-height:var(--h2_typography-line-height);--awb-caption-title-letter-spacing:var(--h2_typography-letter-spacing);\"><span class=\" fusion-imageframe imageframe-none imageframe-11 hover-type-none\"><img decoding=\"async\" width=\"1000\" height=\"283\" alt=\"Tasche n\u00e4hen mit Reissverschluss Aussentasche und Innenf\u00e4chern - 12 Taschenklappe\" title=\"Tasche n\u00e4hen mit Reissverschluss Aussentasche und Innenf\u00e4chern &#8211; 12 Taschenklappe\" src=\"https:\/\/cheznu.tv\/familymanagement\/wp-content\/uploads\/2020\/02\/Tasche-n\u00e4hen-mit-Reissverschluss-Aussentasche-und-Innenf\u00e4chern-12-Taschenklappe.jpg\" class=\"img-responsive wp-image-29378\" srcset=\"https:\/\/cheznu.tv\/familymanagement\/wp-content\/uploads\/2020\/02\/Tasche-n\u00e4hen-mit-Reissverschluss-Aussentasche-und-Innenf\u00e4chern-12-Taschenklappe-200x57.jpg 200w, https:\/\/cheznu.tv\/familymanagement\/wp-content\/uploads\/2020\/02\/Tasche-n\u00e4hen-mit-Reissverschluss-Aussentasche-und-Innenf\u00e4chern-12-Taschenklappe-400x113.jpg 400w, https:\/\/cheznu.tv\/familymanagement\/wp-content\/uploads\/2020\/02\/Tasche-n\u00e4hen-mit-Reissverschluss-Aussentasche-und-Innenf\u00e4chern-12-Taschenklappe-600x170.jpg 600w, https:\/\/cheznu.tv\/familymanagement\/wp-content\/uploads\/2020\/02\/Tasche-n\u00e4hen-mit-Reissverschluss-Aussentasche-und-Innenf\u00e4chern-12-Taschenklappe-800x226.jpg 800w, https:\/\/cheznu.tv\/familymanagement\/wp-content\/uploads\/2020\/02\/Tasche-n\u00e4hen-mit-Reissverschluss-Aussentasche-und-Innenf\u00e4chern-12-Taschenklappe.jpg 1000w\" sizes=\"(max-width: 800px) 100vw, 1000px\" \/><\/span><\/div><div class=\"fusion-clearfix\"><\/div><\/div><\/div><\/div><\/div><div class=\"fusion-fullwidth fullwidth-box fusion-builder-row-12 nonhundred-percent-fullwidth non-hundred-percent-height-scrolling\" style=\"--awb-background-position:left top;--awb-border-radius-top-left:0px;--awb-border-radius-top-right:0px;--awb-border-radius-bottom-right:0px;--awb-border-radius-bottom-left:0px;--awb-padding-top:20px;--awb-padding-bottom:20px;--awb-border-sizes-top:0px;--awb-border-sizes-bottom:0px;--awb-flex-wrap:wrap;\" ><div class=\"fusion-builder-row fusion-row\"><div class=\"fusion-layout-column fusion_builder_column fusion-builder-column-16 fusion_builder_column_1_1 1_1 fusion-one-full fusion-column-first fusion-column-last fusion-column-no-min-height\" style=\"--awb-bg-size:cover;--awb-margin-bottom:0px;\"><div class=\"fusion-column-wrapper fusion-flex-column-wrapper-legacy\"><div class=\"fusion-text fusion-text-9\"><p>Bei der Taschenklappe wird die Nahtzugabe der oberen Kante umgeklappt und beide Seiten rechts auf recht aufeinander gen\u00e4ht. Auch hier wird der Bereich f\u00fcr das Schloss verst\u00e4rkt. Vor dem Wenden die Rundungen einschneiden.<\/p>\n<\/div><div class=\"fusion-clearfix\"><\/div><\/div><\/div><div class=\"fusion-layout-column fusion_builder_column fusion-builder-column-17 fusion_builder_column_1_2 1_2 fusion-one-half fusion-column-first\" style=\"--awb-bg-size:cover;width:50%;width:calc(50% - ( ( 4% ) * 0.5 ) );margin-right: 4%;\"><div class=\"fusion-column-wrapper fusion-column-has-shadow fusion-flex-column-wrapper-legacy\"><div class=\"fusion-image-element in-legacy-container\" style=\"--awb-caption-title-font-family:var(--h2_typography-font-family);--awb-caption-title-font-weight:var(--h2_typography-font-weight);--awb-caption-title-font-style:var(--h2_typography-font-style);--awb-caption-title-size:var(--h2_typography-font-size);--awb-caption-title-transform:var(--h2_typography-text-transform);--awb-caption-title-line-height:var(--h2_typography-line-height);--awb-caption-title-letter-spacing:var(--h2_typography-letter-spacing);\"><span class=\" fusion-imageframe imageframe-none imageframe-12 hover-type-none\"><img decoding=\"async\" width=\"1000\" height=\"707\" alt=\"Tasche n\u00e4hen mit Reissverschluss Aussentasche und Innenf\u00e4chern - 13 Tasche geschlossen\" title=\"Tasche n\u00e4hen mit Reissverschluss Aussentasche und Innenf\u00e4chern &#8211; 13 Tasche geschlossen\" src=\"https:\/\/cheznu.tv\/familymanagement\/wp-content\/uploads\/2020\/02\/Tasche-n\u00e4hen-mit-Reissverschluss-Aussentasche-und-Innenf\u00e4chern-13-Tasche-geschlossen.jpg\" class=\"img-responsive wp-image-29379\" srcset=\"https:\/\/cheznu.tv\/familymanagement\/wp-content\/uploads\/2020\/02\/Tasche-n\u00e4hen-mit-Reissverschluss-Aussentasche-und-Innenf\u00e4chern-13-Tasche-geschlossen-200x141.jpg 200w, https:\/\/cheznu.tv\/familymanagement\/wp-content\/uploads\/2020\/02\/Tasche-n\u00e4hen-mit-Reissverschluss-Aussentasche-und-Innenf\u00e4chern-13-Tasche-geschlossen-400x283.jpg 400w, https:\/\/cheznu.tv\/familymanagement\/wp-content\/uploads\/2020\/02\/Tasche-n\u00e4hen-mit-Reissverschluss-Aussentasche-und-Innenf\u00e4chern-13-Tasche-geschlossen-600x424.jpg 600w, https:\/\/cheznu.tv\/familymanagement\/wp-content\/uploads\/2020\/02\/Tasche-n\u00e4hen-mit-Reissverschluss-Aussentasche-und-Innenf\u00e4chern-13-Tasche-geschlossen-800x566.jpg 800w, https:\/\/cheznu.tv\/familymanagement\/wp-content\/uploads\/2020\/02\/Tasche-n\u00e4hen-mit-Reissverschluss-Aussentasche-und-Innenf\u00e4chern-13-Tasche-geschlossen.jpg 1000w\" sizes=\"(max-width: 800px) 100vw, 600px\" \/><\/span><\/div><div class=\"fusion-clearfix\"><\/div><\/div><\/div><div class=\"fusion-layout-column fusion_builder_column fusion-builder-column-18 fusion_builder_column_1_2 1_2 fusion-one-half fusion-column-last\" style=\"--awb-bg-size:cover;width:50%;width:calc(50% - ( ( 4% ) * 0.5 ) );\"><div class=\"fusion-column-wrapper fusion-column-has-shadow fusion-flex-column-wrapper-legacy\"><div class=\"fusion-image-element in-legacy-container\" style=\"--awb-caption-title-font-family:var(--h2_typography-font-family);--awb-caption-title-font-weight:var(--h2_typography-font-weight);--awb-caption-title-font-style:var(--h2_typography-font-style);--awb-caption-title-size:var(--h2_typography-font-size);--awb-caption-title-transform:var(--h2_typography-text-transform);--awb-caption-title-line-height:var(--h2_typography-line-height);--awb-caption-title-letter-spacing:var(--h2_typography-letter-spacing);\"><span class=\" fusion-imageframe imageframe-none imageframe-13 hover-type-none\"><img decoding=\"async\" width=\"1000\" height=\"723\" alt=\"Tasche n\u00e4hen mit Reissverschluss Aussentasche und Innenf\u00e4chern - 14 Tasche offen\" title=\"Tasche n\u00e4hen mit Reissverschluss Aussentasche und Innenf\u00e4chern &#8211; 14 Tasche offen\" src=\"https:\/\/cheznu.tv\/familymanagement\/wp-content\/uploads\/2020\/02\/Tasche-n\u00e4hen-mit-Reissverschluss-Aussentasche-und-Innenf\u00e4chern-14-Tasche-offen.jpg\" class=\"img-responsive wp-image-29380\" srcset=\"https:\/\/cheznu.tv\/familymanagement\/wp-content\/uploads\/2020\/02\/Tasche-n\u00e4hen-mit-Reissverschluss-Aussentasche-und-Innenf\u00e4chern-14-Tasche-offen-200x145.jpg 200w, https:\/\/cheznu.tv\/familymanagement\/wp-content\/uploads\/2020\/02\/Tasche-n\u00e4hen-mit-Reissverschluss-Aussentasche-und-Innenf\u00e4chern-14-Tasche-offen-400x289.jpg 400w, https:\/\/cheznu.tv\/familymanagement\/wp-content\/uploads\/2020\/02\/Tasche-n\u00e4hen-mit-Reissverschluss-Aussentasche-und-Innenf\u00e4chern-14-Tasche-offen-600x434.jpg 600w, https:\/\/cheznu.tv\/familymanagement\/wp-content\/uploads\/2020\/02\/Tasche-n\u00e4hen-mit-Reissverschluss-Aussentasche-und-Innenf\u00e4chern-14-Tasche-offen-800x578.jpg 800w, https:\/\/cheznu.tv\/familymanagement\/wp-content\/uploads\/2020\/02\/Tasche-n\u00e4hen-mit-Reissverschluss-Aussentasche-und-Innenf\u00e4chern-14-Tasche-offen.jpg 1000w\" sizes=\"(max-width: 800px) 100vw, 600px\" \/><\/span><\/div><div class=\"fusion-clearfix\"><\/div><\/div><\/div><\/div><\/div><div class=\"fusion-fullwidth fullwidth-box fusion-builder-row-13 nonhundred-percent-fullwidth non-hundred-percent-height-scrolling\" style=\"--awb-background-position:left top;--awb-border-radius-top-left:0px;--awb-border-radius-top-right:0px;--awb-border-radius-bottom-right:0px;--awb-border-radius-bottom-left:0px;--awb-padding-top:20px;--awb-padding-bottom:20px;--awb-border-sizes-top:0px;--awb-border-sizes-bottom:0px;--awb-flex-wrap:wrap;\" ><div class=\"fusion-builder-row fusion-row\"><div class=\"fusion-layout-column fusion_builder_column fusion-builder-column-19 fusion_builder_column_1_1 1_1 fusion-one-full fusion-column-first fusion-column-last fusion-column-no-min-height\" style=\"--awb-bg-size:cover;--awb-margin-bottom:0px;\"><div class=\"fusion-column-wrapper fusion-flex-column-wrapper-legacy\"><div class=\"fusion-text fusion-text-10\"><p>Wir empfehlen das Steckschloss jetzt anzubringen, die Tasche zu schliessen und dann die Taschenklappe anzun\u00e4hen.<\/p>\n<\/div><div class=\"fusion-title title fusion-title-3 fusion-title-text fusion-title-size-two\" style=\"--awb-margin-top-small:10px;--awb-margin-right-small:0px;--awb-margin-bottom-small:10px;--awb-margin-left-small:0px;\"><h2 class=\"fusion-title-heading title-heading-left\" style=\"margin:0;\">Reissverhluss in Tasche n\u00e4hen<\/h2><span class=\"awb-title-spacer\"><\/span><div class=\"title-sep-container\"><div class=\"title-sep sep-double sep-solid\" style=\"border-color:#e2e2e2;\"><\/div><\/div><\/div><div class=\"fusion-image-element in-legacy-container\" style=\"--awb-caption-title-font-family:var(--h2_typography-font-family);--awb-caption-title-font-weight:var(--h2_typography-font-weight);--awb-caption-title-font-style:var(--h2_typography-font-style);--awb-caption-title-size:var(--h2_typography-font-size);--awb-caption-title-transform:var(--h2_typography-text-transform);--awb-caption-title-line-height:var(--h2_typography-line-height);--awb-caption-title-letter-spacing:var(--h2_typography-letter-spacing);\"><span class=\" fusion-imageframe imageframe-none imageframe-14 hover-type-none\"><img decoding=\"async\" width=\"1000\" height=\"624\" alt=\"Tasche n\u00e4hen mit Reissverschluss Aussentasche und Innenf\u00e4chern - 15 Reissverschlussteile\" title=\"Tasche n\u00e4hen mit Reissverschluss Aussentasche und Innenf\u00e4chern &#8211; 15 Reissverschlussteile\" src=\"https:\/\/cheznu.tv\/familymanagement\/wp-content\/uploads\/2020\/02\/Tasche-n\u00e4hen-mit-Reissverschluss-Aussentasche-und-Innenf\u00e4chern-15-Reissverschlussteile.jpg\" class=\"img-responsive wp-image-29381\" srcset=\"https:\/\/cheznu.tv\/familymanagement\/wp-content\/uploads\/2020\/02\/Tasche-n\u00e4hen-mit-Reissverschluss-Aussentasche-und-Innenf\u00e4chern-15-Reissverschlussteile-200x125.jpg 200w, https:\/\/cheznu.tv\/familymanagement\/wp-content\/uploads\/2020\/02\/Tasche-n\u00e4hen-mit-Reissverschluss-Aussentasche-und-Innenf\u00e4chern-15-Reissverschlussteile-400x250.jpg 400w, https:\/\/cheznu.tv\/familymanagement\/wp-content\/uploads\/2020\/02\/Tasche-n\u00e4hen-mit-Reissverschluss-Aussentasche-und-Innenf\u00e4chern-15-Reissverschlussteile-600x374.jpg 600w, https:\/\/cheznu.tv\/familymanagement\/wp-content\/uploads\/2020\/02\/Tasche-n\u00e4hen-mit-Reissverschluss-Aussentasche-und-Innenf\u00e4chern-15-Reissverschlussteile-800x499.jpg 800w, https:\/\/cheznu.tv\/familymanagement\/wp-content\/uploads\/2020\/02\/Tasche-n\u00e4hen-mit-Reissverschluss-Aussentasche-und-Innenf\u00e4chern-15-Reissverschlussteile.jpg 1000w\" sizes=\"(max-width: 800px) 100vw, 1000px\" \/><\/span><\/div><div class=\"fusion-clearfix\"><\/div><\/div><\/div><\/div><\/div><div class=\"fusion-fullwidth fullwidth-box fusion-builder-row-14 nonhundred-percent-fullwidth non-hundred-percent-height-scrolling\" style=\"--awb-background-position:left top;--awb-border-radius-top-left:0px;--awb-border-radius-top-right:0px;--awb-border-radius-bottom-right:0px;--awb-border-radius-bottom-left:0px;--awb-padding-top:20px;--awb-padding-bottom:20px;--awb-border-sizes-top:0px;--awb-border-sizes-bottom:0px;--awb-flex-wrap:wrap;\" ><div class=\"fusion-builder-row fusion-row\"><div class=\"fusion-layout-column fusion_builder_column fusion-builder-column-20 fusion_builder_column_1_1 1_1 fusion-one-full fusion-column-first fusion-column-last fusion-column-no-min-height\" style=\"--awb-bg-size:cover;--awb-margin-bottom:0px;\"><div class=\"fusion-column-wrapper fusion-flex-column-wrapper-legacy\"><div class=\"fusion-text fusion-text-11\"><p>Um den Reissverschluss einzufassen hast Du 4 gleiche Streifen. Du kannst diese gerne auch 2 x im Aussenstoff und 2 x im Futterstoff zuschneiden.<\/p>\n<p>Vor dem Ann\u00e4hen werden die Nahtzugaben an den kurzen Seiten eingeklappt.<\/p>\n<\/div><div class=\"fusion-image-element in-legacy-container\" style=\"--awb-caption-title-font-family:var(--h2_typography-font-family);--awb-caption-title-font-weight:var(--h2_typography-font-weight);--awb-caption-title-font-style:var(--h2_typography-font-style);--awb-caption-title-size:var(--h2_typography-font-size);--awb-caption-title-transform:var(--h2_typography-text-transform);--awb-caption-title-line-height:var(--h2_typography-line-height);--awb-caption-title-letter-spacing:var(--h2_typography-letter-spacing);\"><span class=\" fusion-imageframe imageframe-none imageframe-15 hover-type-none\"><img decoding=\"async\" width=\"1000\" height=\"667\" alt=\"Tasche n\u00e4hen mit Reissverschluss Aussentasche und Innenf\u00e4chern - 16 Reisverschluss verblenden\" title=\"Tasche n\u00e4hen mit Reissverschluss Aussentasche und Innenf\u00e4chern &#8211; 16 Reisverschluss verblenden\" src=\"https:\/\/cheznu.tv\/familymanagement\/wp-content\/uploads\/2020\/02\/Tasche-n\u00e4hen-mit-Reissverschluss-Aussentasche-und-Innenf\u00e4chern-16-Reisverschluss-verblenden.jpg\" class=\"img-responsive wp-image-29382\" srcset=\"https:\/\/cheznu.tv\/familymanagement\/wp-content\/uploads\/2020\/02\/Tasche-n\u00e4hen-mit-Reissverschluss-Aussentasche-und-Innenf\u00e4chern-16-Reisverschluss-verblenden-200x133.jpg 200w, https:\/\/cheznu.tv\/familymanagement\/wp-content\/uploads\/2020\/02\/Tasche-n\u00e4hen-mit-Reissverschluss-Aussentasche-und-Innenf\u00e4chern-16-Reisverschluss-verblenden-400x267.jpg 400w, https:\/\/cheznu.tv\/familymanagement\/wp-content\/uploads\/2020\/02\/Tasche-n\u00e4hen-mit-Reissverschluss-Aussentasche-und-Innenf\u00e4chern-16-Reisverschluss-verblenden-600x400.jpg 600w, https:\/\/cheznu.tv\/familymanagement\/wp-content\/uploads\/2020\/02\/Tasche-n\u00e4hen-mit-Reissverschluss-Aussentasche-und-Innenf\u00e4chern-16-Reisverschluss-verblenden-800x534.jpg 800w, https:\/\/cheznu.tv\/familymanagement\/wp-content\/uploads\/2020\/02\/Tasche-n\u00e4hen-mit-Reissverschluss-Aussentasche-und-Innenf\u00e4chern-16-Reisverschluss-verblenden.jpg 1000w\" sizes=\"(max-width: 800px) 100vw, 1000px\" \/><\/span><\/div><div class=\"fusion-clearfix\"><\/div><\/div><\/div><\/div><\/div><div class=\"fusion-fullwidth fullwidth-box fusion-builder-row-15 nonhundred-percent-fullwidth non-hundred-percent-height-scrolling\" style=\"--awb-background-position:left top;--awb-border-radius-top-left:0px;--awb-border-radius-top-right:0px;--awb-border-radius-bottom-right:0px;--awb-border-radius-bottom-left:0px;--awb-padding-top:20px;--awb-padding-bottom:20px;--awb-border-sizes-top:0px;--awb-border-sizes-bottom:0px;--awb-flex-wrap:wrap;\" ><div class=\"fusion-builder-row fusion-row\"><div class=\"fusion-layout-column fusion_builder_column fusion-builder-column-21 fusion_builder_column_1_1 1_1 fusion-one-full fusion-column-first fusion-column-last fusion-column-no-min-height\" style=\"--awb-bg-size:cover;--awb-margin-bottom:0px;\"><div class=\"fusion-column-wrapper fusion-flex-column-wrapper-legacy\"><div class=\"fusion-text fusion-text-12\"><p>Jetzt den Reissverschluss auf beiden Seiten mit je 2 Streifen einfassen. Dabei beginnst du am oberen Ende.<\/p>\n<\/div><div class=\"fusion-image-element in-legacy-container\" style=\"--awb-caption-title-font-family:var(--h2_typography-font-family);--awb-caption-title-font-weight:var(--h2_typography-font-weight);--awb-caption-title-font-style:var(--h2_typography-font-style);--awb-caption-title-size:var(--h2_typography-font-size);--awb-caption-title-transform:var(--h2_typography-text-transform);--awb-caption-title-line-height:var(--h2_typography-line-height);--awb-caption-title-letter-spacing:var(--h2_typography-letter-spacing);\"><span class=\" fusion-imageframe imageframe-none imageframe-16 hover-type-none\"><img decoding=\"async\" width=\"1000\" height=\"489\" alt=\"Tasche n\u00e4hen mit Reissverschluss Aussentasche und Innenf\u00e4chern - 17 Reissverschluss verblenden\" title=\"Tasche n\u00e4hen mit Reissverschluss Aussentasche und Innenf\u00e4chern &#8211; 17 Reissverschluss verblenden\" src=\"https:\/\/cheznu.tv\/familymanagement\/wp-content\/uploads\/2020\/02\/Tasche-n\u00e4hen-mit-Reissverschluss-Aussentasche-und-Innenf\u00e4chern-17-Reissverschluss-verblenden.jpg\" class=\"img-responsive wp-image-29383\" srcset=\"https:\/\/cheznu.tv\/familymanagement\/wp-content\/uploads\/2020\/02\/Tasche-n\u00e4hen-mit-Reissverschluss-Aussentasche-und-Innenf\u00e4chern-17-Reissverschluss-verblenden-200x98.jpg 200w, https:\/\/cheznu.tv\/familymanagement\/wp-content\/uploads\/2020\/02\/Tasche-n\u00e4hen-mit-Reissverschluss-Aussentasche-und-Innenf\u00e4chern-17-Reissverschluss-verblenden-400x196.jpg 400w, https:\/\/cheznu.tv\/familymanagement\/wp-content\/uploads\/2020\/02\/Tasche-n\u00e4hen-mit-Reissverschluss-Aussentasche-und-Innenf\u00e4chern-17-Reissverschluss-verblenden-600x293.jpg 600w, https:\/\/cheznu.tv\/familymanagement\/wp-content\/uploads\/2020\/02\/Tasche-n\u00e4hen-mit-Reissverschluss-Aussentasche-und-Innenf\u00e4chern-17-Reissverschluss-verblenden-800x391.jpg 800w, https:\/\/cheznu.tv\/familymanagement\/wp-content\/uploads\/2020\/02\/Tasche-n\u00e4hen-mit-Reissverschluss-Aussentasche-und-Innenf\u00e4chern-17-Reissverschluss-verblenden.jpg 1000w\" sizes=\"(max-width: 800px) 100vw, 1000px\" \/><\/span><\/div><div class=\"fusion-clearfix\"><\/div><\/div><\/div><\/div><\/div><div class=\"fusion-fullwidth fullwidth-box fusion-builder-row-16 nonhundred-percent-fullwidth non-hundred-percent-height-scrolling\" style=\"--awb-background-position:left top;--awb-border-radius-top-left:0px;--awb-border-radius-top-right:0px;--awb-border-radius-bottom-right:0px;--awb-border-radius-bottom-left:0px;--awb-padding-top:20px;--awb-padding-bottom:20px;--awb-border-sizes-top:0px;--awb-border-sizes-bottom:0px;--awb-flex-wrap:wrap;\" ><div class=\"fusion-builder-row fusion-row\"><div class=\"fusion-layout-column fusion_builder_column fusion-builder-column-22 fusion_builder_column_1_1 1_1 fusion-one-full fusion-column-first fusion-column-last fusion-column-no-min-height\" style=\"--awb-bg-size:cover;--awb-margin-bottom:0px;\"><div class=\"fusion-column-wrapper fusion-flex-column-wrapper-legacy\"><div class=\"fusion-text fusion-text-13\"><p>Danach auf jeder Seite an 3 Kanten gegensteppen.<\/p>\n<\/div><div class=\"fusion-image-element in-legacy-container\" style=\"--awb-caption-title-font-family:var(--h2_typography-font-family);--awb-caption-title-font-weight:var(--h2_typography-font-weight);--awb-caption-title-font-style:var(--h2_typography-font-style);--awb-caption-title-size:var(--h2_typography-font-size);--awb-caption-title-transform:var(--h2_typography-text-transform);--awb-caption-title-line-height:var(--h2_typography-line-height);--awb-caption-title-letter-spacing:var(--h2_typography-letter-spacing);\"><span class=\" fusion-imageframe imageframe-none imageframe-17 hover-type-none\"><img decoding=\"async\" width=\"1000\" height=\"482\" alt=\"Tasche n\u00e4hen mit Reissverschluss Aussentasche und Innenf\u00e4chern - 18 Reissverschluss trimmen\" title=\"Tasche n\u00e4hen mit Reissverschluss Aussentasche und Innenf\u00e4chern &#8211; 18 Reissverschluss trimmen\" src=\"https:\/\/cheznu.tv\/familymanagement\/wp-content\/uploads\/2020\/02\/Tasche-n\u00e4hen-mit-Reissverschluss-Aussentasche-und-Innenf\u00e4chern-18-Reissverschluss-trimmen.jpg\" class=\"img-responsive wp-image-29384\" srcset=\"https:\/\/cheznu.tv\/familymanagement\/wp-content\/uploads\/2020\/02\/Tasche-n\u00e4hen-mit-Reissverschluss-Aussentasche-und-Innenf\u00e4chern-18-Reissverschluss-trimmen-200x96.jpg 200w, https:\/\/cheznu.tv\/familymanagement\/wp-content\/uploads\/2020\/02\/Tasche-n\u00e4hen-mit-Reissverschluss-Aussentasche-und-Innenf\u00e4chern-18-Reissverschluss-trimmen-400x193.jpg 400w, https:\/\/cheznu.tv\/familymanagement\/wp-content\/uploads\/2020\/02\/Tasche-n\u00e4hen-mit-Reissverschluss-Aussentasche-und-Innenf\u00e4chern-18-Reissverschluss-trimmen-600x289.jpg 600w, https:\/\/cheznu.tv\/familymanagement\/wp-content\/uploads\/2020\/02\/Tasche-n\u00e4hen-mit-Reissverschluss-Aussentasche-und-Innenf\u00e4chern-18-Reissverschluss-trimmen-800x386.jpg 800w, https:\/\/cheznu.tv\/familymanagement\/wp-content\/uploads\/2020\/02\/Tasche-n\u00e4hen-mit-Reissverschluss-Aussentasche-und-Innenf\u00e4chern-18-Reissverschluss-trimmen.jpg 1000w\" sizes=\"(max-width: 800px) 100vw, 1000px\" \/><\/span><\/div><div class=\"fusion-clearfix\"><\/div><\/div><\/div><\/div><\/div><div class=\"fusion-fullwidth fullwidth-box fusion-builder-row-17 nonhundred-percent-fullwidth non-hundred-percent-height-scrolling\" style=\"--awb-background-position:left top;--awb-border-radius-top-left:0px;--awb-border-radius-top-right:0px;--awb-border-radius-bottom-right:0px;--awb-border-radius-bottom-left:0px;--awb-padding-top:20px;--awb-padding-bottom:20px;--awb-border-sizes-top:0px;--awb-border-sizes-bottom:0px;--awb-flex-wrap:wrap;\" ><div class=\"fusion-builder-row fusion-row\"><div class=\"fusion-layout-column fusion_builder_column fusion-builder-column-23 fusion_builder_column_1_1 1_1 fusion-one-full fusion-column-first fusion-column-last fusion-column-no-min-height\" style=\"--awb-bg-size:cover;--awb-margin-bottom:0px;\"><div class=\"fusion-column-wrapper fusion-flex-column-wrapper-legacy\"><div class=\"fusion-text fusion-text-14\"><p>In der Breite jetzt das Reissverschlussteil auf 10 cm plus Nahtzugabe trimmen.<\/p>\n<\/div><div class=\"fusion-title title fusion-title-4 fusion-title-text fusion-title-size-two\" style=\"--awb-margin-top-small:10px;--awb-margin-right-small:0px;--awb-margin-bottom-small:10px;--awb-margin-left-small:0px;\"><h2 class=\"fusion-title-heading title-heading-left\" style=\"margin:0;\">Innenfutter f\u00fcr Tasche mit Reissverschluss n\u00e4hen<\/h2><span class=\"awb-title-spacer\"><\/span><div class=\"title-sep-container\"><div class=\"title-sep sep-double sep-solid\" style=\"border-color:#e2e2e2;\"><\/div><\/div><\/div><div class=\"fusion-image-element in-legacy-container\" style=\"--awb-caption-title-font-family:var(--h2_typography-font-family);--awb-caption-title-font-weight:var(--h2_typography-font-weight);--awb-caption-title-font-style:var(--h2_typography-font-style);--awb-caption-title-size:var(--h2_typography-font-size);--awb-caption-title-transform:var(--h2_typography-text-transform);--awb-caption-title-line-height:var(--h2_typography-line-height);--awb-caption-title-letter-spacing:var(--h2_typography-letter-spacing);\"><span class=\" fusion-imageframe imageframe-none imageframe-18 hover-type-none\"><img decoding=\"async\" width=\"1000\" height=\"519\" alt=\"Tasche n\u00e4hen mit Reissverschluss Aussentasche und Innenf\u00e4chern - 19 Taschenfutter n\u00e4hen\" title=\"Tasche n\u00e4hen mit Reissverschluss Aussentasche und Innenf\u00e4chern &#8211; 19 Taschenfutter n\u00e4hen\" src=\"https:\/\/cheznu.tv\/familymanagement\/wp-content\/uploads\/2020\/02\/Tasche-n\u00e4hen-mit-Reissverschluss-Aussentasche-und-Innenf\u00e4chern-19-Taschenfutter-n\u00e4hen.jpg\" class=\"img-responsive wp-image-29385\" srcset=\"https:\/\/cheznu.tv\/familymanagement\/wp-content\/uploads\/2020\/02\/Tasche-n\u00e4hen-mit-Reissverschluss-Aussentasche-und-Innenf\u00e4chern-19-Taschenfutter-n\u00e4hen-200x104.jpg 200w, https:\/\/cheznu.tv\/familymanagement\/wp-content\/uploads\/2020\/02\/Tasche-n\u00e4hen-mit-Reissverschluss-Aussentasche-und-Innenf\u00e4chern-19-Taschenfutter-n\u00e4hen-400x208.jpg 400w, https:\/\/cheznu.tv\/familymanagement\/wp-content\/uploads\/2020\/02\/Tasche-n\u00e4hen-mit-Reissverschluss-Aussentasche-und-Innenf\u00e4chern-19-Taschenfutter-n\u00e4hen-600x311.jpg 600w, https:\/\/cheznu.tv\/familymanagement\/wp-content\/uploads\/2020\/02\/Tasche-n\u00e4hen-mit-Reissverschluss-Aussentasche-und-Innenf\u00e4chern-19-Taschenfutter-n\u00e4hen-800x415.jpg 800w, https:\/\/cheznu.tv\/familymanagement\/wp-content\/uploads\/2020\/02\/Tasche-n\u00e4hen-mit-Reissverschluss-Aussentasche-und-Innenf\u00e4chern-19-Taschenfutter-n\u00e4hen.jpg 1000w\" sizes=\"(max-width: 800px) 100vw, 1000px\" \/><\/span><\/div><div class=\"fusion-clearfix\"><\/div><\/div><\/div><\/div><\/div><div class=\"fusion-fullwidth fullwidth-box fusion-builder-row-18 nonhundred-percent-fullwidth non-hundred-percent-height-scrolling\" style=\"--awb-background-position:left top;--awb-border-radius-top-left:0px;--awb-border-radius-top-right:0px;--awb-border-radius-bottom-right:0px;--awb-border-radius-bottom-left:0px;--awb-padding-top:20px;--awb-padding-bottom:20px;--awb-border-sizes-top:0px;--awb-border-sizes-bottom:0px;--awb-flex-wrap:wrap;\" ><div class=\"fusion-builder-row fusion-row\"><div class=\"fusion-layout-column fusion_builder_column fusion-builder-column-24 fusion_builder_column_1_1 1_1 fusion-one-full fusion-column-first fusion-column-last fusion-column-no-min-height\" style=\"--awb-bg-size:cover;--awb-margin-bottom:0px;\"><div class=\"fusion-column-wrapper fusion-flex-column-wrapper-legacy\"><div class=\"fusion-text fusion-text-15\"><p>Die Trenner f\u00fcr das Innenfutter mit Vlieseline verst\u00e4rken und an der oberen Kante absteppen. Seiten und unten werden an Seiten und unten das Futters angen\u00e4ht.<\/p>\n<\/div><div class=\"fusion-image-element in-legacy-container\" style=\"--awb-caption-title-font-family:var(--h2_typography-font-family);--awb-caption-title-font-weight:var(--h2_typography-font-weight);--awb-caption-title-font-style:var(--h2_typography-font-style);--awb-caption-title-size:var(--h2_typography-font-size);--awb-caption-title-transform:var(--h2_typography-text-transform);--awb-caption-title-line-height:var(--h2_typography-line-height);--awb-caption-title-letter-spacing:var(--h2_typography-letter-spacing);\"><span class=\" fusion-imageframe imageframe-none imageframe-19 hover-type-none\"><img decoding=\"async\" width=\"1000\" height=\"1030\" alt=\"Tasche n\u00e4hen mit Reissverschluss Aussentasche und Innenf\u00e4chern - 20 Taschenfutter n\u00e4hen\" title=\"Tasche n\u00e4hen mit Reissverschluss Aussentasche und Innenf\u00e4chern &#8211; 20 Taschenfutter n\u00e4hen\" src=\"https:\/\/cheznu.tv\/familymanagement\/wp-content\/uploads\/2020\/02\/Tasche-n\u00e4hen-mit-Reissverschluss-Aussentasche-und-Innenf\u00e4chern-20-Taschenfutter-n\u00e4hen.jpg\" class=\"img-responsive wp-image-29386\" srcset=\"https:\/\/cheznu.tv\/familymanagement\/wp-content\/uploads\/2020\/02\/Tasche-n\u00e4hen-mit-Reissverschluss-Aussentasche-und-Innenf\u00e4chern-20-Taschenfutter-n\u00e4hen-200x206.jpg 200w, https:\/\/cheznu.tv\/familymanagement\/wp-content\/uploads\/2020\/02\/Tasche-n\u00e4hen-mit-Reissverschluss-Aussentasche-und-Innenf\u00e4chern-20-Taschenfutter-n\u00e4hen-400x412.jpg 400w, https:\/\/cheznu.tv\/familymanagement\/wp-content\/uploads\/2020\/02\/Tasche-n\u00e4hen-mit-Reissverschluss-Aussentasche-und-Innenf\u00e4chern-20-Taschenfutter-n\u00e4hen-600x618.jpg 600w, https:\/\/cheznu.tv\/familymanagement\/wp-content\/uploads\/2020\/02\/Tasche-n\u00e4hen-mit-Reissverschluss-Aussentasche-und-Innenf\u00e4chern-20-Taschenfutter-n\u00e4hen-800x824.jpg 800w, https:\/\/cheznu.tv\/familymanagement\/wp-content\/uploads\/2020\/02\/Tasche-n\u00e4hen-mit-Reissverschluss-Aussentasche-und-Innenf\u00e4chern-20-Taschenfutter-n\u00e4hen.jpg 1000w\" sizes=\"(max-width: 800px) 100vw, 1000px\" \/><\/span><\/div><div class=\"fusion-clearfix\"><\/div><\/div><\/div><\/div><\/div><div class=\"fusion-fullwidth fullwidth-box fusion-builder-row-19 nonhundred-percent-fullwidth non-hundred-percent-height-scrolling\" style=\"--awb-background-position:left top;--awb-border-radius-top-left:0px;--awb-border-radius-top-right:0px;--awb-border-radius-bottom-right:0px;--awb-border-radius-bottom-left:0px;--awb-padding-top:20px;--awb-padding-bottom:20px;--awb-border-sizes-top:0px;--awb-border-sizes-bottom:0px;--awb-flex-wrap:wrap;\" ><div class=\"fusion-builder-row fusion-row\"><div class=\"fusion-layout-column fusion_builder_column fusion-builder-column-25 fusion_builder_column_1_1 1_1 fusion-one-full fusion-column-first fusion-column-last fusion-column-no-min-height\" style=\"--awb-bg-size:cover;--awb-margin-bottom:0px;\"><div class=\"fusion-column-wrapper fusion-flex-column-wrapper-legacy\"><div class=\"fusion-text fusion-text-16\"><p>Unten wird die Wende\u00f6ffnung offen gelassen und die Ecken werden diagonal geschlossen.<\/p>\n<\/div><div class=\"fusion-title title fusion-title-5 fusion-title-text fusion-title-size-one\" style=\"--awb-margin-top-small:10px;--awb-margin-right-small:0px;--awb-margin-bottom-small:10px;--awb-margin-left-small:0px;\"><h1 class=\"fusion-title-heading title-heading-left\" style=\"margin:0;\">Taschenteile f\u00fcr Tasche mit Reissverschluss zusammen n\u00e4hen<\/h1><span class=\"awb-title-spacer\"><\/span><div class=\"title-sep-container\"><div class=\"title-sep sep-double sep-solid\" style=\"border-color:#e2e2e2;\"><\/div><\/div><\/div><div class=\"fusion-clearfix\"><\/div><\/div><\/div><div class=\"fusion-layout-column fusion_builder_column fusion-builder-column-26 fusion_builder_column_1_2 1_2 fusion-one-half fusion-column-first\" style=\"--awb-bg-size:cover;width:50%;width:calc(50% - ( ( 4% ) * 0.5 ) );margin-right: 4%;\"><div class=\"fusion-column-wrapper fusion-column-has-shadow fusion-flex-column-wrapper-legacy\"><div class=\"fusion-image-element in-legacy-container\" style=\"--awb-caption-title-font-family:var(--h2_typography-font-family);--awb-caption-title-font-weight:var(--h2_typography-font-weight);--awb-caption-title-font-style:var(--h2_typography-font-style);--awb-caption-title-size:var(--h2_typography-font-size);--awb-caption-title-transform:var(--h2_typography-text-transform);--awb-caption-title-line-height:var(--h2_typography-line-height);--awb-caption-title-letter-spacing:var(--h2_typography-letter-spacing);\"><span class=\" fusion-imageframe imageframe-none imageframe-20 hover-type-none\"><img decoding=\"async\" width=\"1000\" height=\"710\" alt=\"Tasche n\u00e4hen mit Reissverschluss Aussentasche und Innenf\u00e4chern - 21 Reissverschluss ann\u00e4hen\" title=\"Tasche n\u00e4hen mit Reissverschluss Aussentasche und Innenf\u00e4chern &#8211; 21 Reissverschluss ann\u00e4hen\" src=\"https:\/\/cheznu.tv\/familymanagement\/wp-content\/uploads\/2020\/02\/Tasche-n\u00e4hen-mit-Reissverschluss-Aussentasche-und-Innenf\u00e4chern-21-Reissverschluss-ann\u00e4hen.jpg\" class=\"img-responsive wp-image-29387\" srcset=\"https:\/\/cheznu.tv\/familymanagement\/wp-content\/uploads\/2020\/02\/Tasche-n\u00e4hen-mit-Reissverschluss-Aussentasche-und-Innenf\u00e4chern-21-Reissverschluss-ann\u00e4hen-200x142.jpg 200w, https:\/\/cheznu.tv\/familymanagement\/wp-content\/uploads\/2020\/02\/Tasche-n\u00e4hen-mit-Reissverschluss-Aussentasche-und-Innenf\u00e4chern-21-Reissverschluss-ann\u00e4hen-400x284.jpg 400w, https:\/\/cheznu.tv\/familymanagement\/wp-content\/uploads\/2020\/02\/Tasche-n\u00e4hen-mit-Reissverschluss-Aussentasche-und-Innenf\u00e4chern-21-Reissverschluss-ann\u00e4hen-600x426.jpg 600w, https:\/\/cheznu.tv\/familymanagement\/wp-content\/uploads\/2020\/02\/Tasche-n\u00e4hen-mit-Reissverschluss-Aussentasche-und-Innenf\u00e4chern-21-Reissverschluss-ann\u00e4hen-800x568.jpg 800w, https:\/\/cheznu.tv\/familymanagement\/wp-content\/uploads\/2020\/02\/Tasche-n\u00e4hen-mit-Reissverschluss-Aussentasche-und-Innenf\u00e4chern-21-Reissverschluss-ann\u00e4hen.jpg 1000w\" sizes=\"(max-width: 800px) 100vw, 600px\" \/><\/span><\/div><div class=\"fusion-clearfix\"><\/div><\/div><\/div><div class=\"fusion-layout-column fusion_builder_column fusion-builder-column-27 fusion_builder_column_1_2 1_2 fusion-one-half fusion-column-last\" style=\"--awb-bg-size:cover;width:50%;width:calc(50% - ( ( 4% ) * 0.5 ) );\"><div class=\"fusion-column-wrapper fusion-column-has-shadow fusion-flex-column-wrapper-legacy\"><div class=\"fusion-image-element in-legacy-container\" style=\"--awb-caption-title-font-family:var(--h2_typography-font-family);--awb-caption-title-font-weight:var(--h2_typography-font-weight);--awb-caption-title-font-style:var(--h2_typography-font-style);--awb-caption-title-size:var(--h2_typography-font-size);--awb-caption-title-transform:var(--h2_typography-text-transform);--awb-caption-title-line-height:var(--h2_typography-line-height);--awb-caption-title-letter-spacing:var(--h2_typography-letter-spacing);\"><span class=\" fusion-imageframe imageframe-none imageframe-21 hover-type-none\"><img decoding=\"async\" width=\"1000\" height=\"774\" alt=\"Tasche n\u00e4hen mit Reissverschluss Aussentasche und Innenf\u00e4chern - 22 Reissverschluss ann\u00e4hen\" title=\"Tasche n\u00e4hen mit Reissverschluss Aussentasche und Innenf\u00e4chern &#8211; 22 Reissverschluss ann\u00e4hen\" src=\"https:\/\/cheznu.tv\/familymanagement\/wp-content\/uploads\/2020\/02\/Tasche-n\u00e4hen-mit-Reissverschluss-Aussentasche-und-Innenf\u00e4chern-22-Reissverschluss-ann\u00e4hen.jpg\" class=\"img-responsive wp-image-29388\" srcset=\"https:\/\/cheznu.tv\/familymanagement\/wp-content\/uploads\/2020\/02\/Tasche-n\u00e4hen-mit-Reissverschluss-Aussentasche-und-Innenf\u00e4chern-22-Reissverschluss-ann\u00e4hen-200x155.jpg 200w, https:\/\/cheznu.tv\/familymanagement\/wp-content\/uploads\/2020\/02\/Tasche-n\u00e4hen-mit-Reissverschluss-Aussentasche-und-Innenf\u00e4chern-22-Reissverschluss-ann\u00e4hen-400x310.jpg 400w, https:\/\/cheznu.tv\/familymanagement\/wp-content\/uploads\/2020\/02\/Tasche-n\u00e4hen-mit-Reissverschluss-Aussentasche-und-Innenf\u00e4chern-22-Reissverschluss-ann\u00e4hen-600x464.jpg 600w, https:\/\/cheznu.tv\/familymanagement\/wp-content\/uploads\/2020\/02\/Tasche-n\u00e4hen-mit-Reissverschluss-Aussentasche-und-Innenf\u00e4chern-22-Reissverschluss-ann\u00e4hen-800x619.jpg 800w, https:\/\/cheznu.tv\/familymanagement\/wp-content\/uploads\/2020\/02\/Tasche-n\u00e4hen-mit-Reissverschluss-Aussentasche-und-Innenf\u00e4chern-22-Reissverschluss-ann\u00e4hen.jpg 1000w\" sizes=\"(max-width: 800px) 100vw, 600px\" \/><\/span><\/div><div class=\"fusion-clearfix\"><\/div><\/div><\/div><\/div><\/div><div class=\"fusion-fullwidth fullwidth-box fusion-builder-row-20 nonhundred-percent-fullwidth non-hundred-percent-height-scrolling\" style=\"--awb-background-position:left top;--awb-border-radius-top-left:0px;--awb-border-radius-top-right:0px;--awb-border-radius-bottom-right:0px;--awb-border-radius-bottom-left:0px;--awb-padding-top:20px;--awb-padding-bottom:20px;--awb-border-sizes-top:0px;--awb-border-sizes-bottom:0px;--awb-flex-wrap:wrap;\" ><div class=\"fusion-builder-row fusion-row\"><div class=\"fusion-layout-column fusion_builder_column fusion-builder-column-28 fusion_builder_column_1_1 1_1 fusion-one-full fusion-column-first fusion-column-last fusion-column-no-min-height\" style=\"--awb-bg-size:cover;--awb-margin-bottom:0px;\"><div class=\"fusion-column-wrapper fusion-flex-column-wrapper-legacy\"><div class=\"fusion-text fusion-text-17\"><p>Das Reissverschlussteil wird jetzt mittig an der oberen Taschenkante fixiert. Mit dem etwas \u00fcberlangen Reissverschluss ist das sehr einfach, weil man ihn ganz \u00f6ffnen kann. Achte aber darauf, dass er sich nicht verdreht. Gen\u00e4ht haben wir diese Naht etwas innerhalb der Nahtzugabe,<\/p>\n<\/div><div class=\"fusion-image-element in-legacy-container\" style=\"--awb-caption-title-font-family:var(--h2_typography-font-family);--awb-caption-title-font-weight:var(--h2_typography-font-weight);--awb-caption-title-font-style:var(--h2_typography-font-style);--awb-caption-title-size:var(--h2_typography-font-size);--awb-caption-title-transform:var(--h2_typography-text-transform);--awb-caption-title-line-height:var(--h2_typography-line-height);--awb-caption-title-letter-spacing:var(--h2_typography-letter-spacing);\"><span class=\" fusion-imageframe imageframe-none imageframe-22 hover-type-none\"><img decoding=\"async\" width=\"1000\" height=\"570\" alt=\"Tasche n\u00e4hen mit Reissverschluss Aussentasche und Innenf\u00e4chern - 23 Futter ann\u00e4hen\" title=\"Tasche n\u00e4hen mit Reissverschluss Aussentasche und Innenf\u00e4chern &#8211; 23 Futter ann\u00e4hen\" src=\"https:\/\/cheznu.tv\/familymanagement\/wp-content\/uploads\/2020\/02\/Tasche-n\u00e4hen-mit-Reissverschluss-Aussentasche-und-Innenf\u00e4chern-23-Futter-ann\u00e4hen.jpg\" class=\"img-responsive wp-image-29389\" srcset=\"https:\/\/cheznu.tv\/familymanagement\/wp-content\/uploads\/2020\/02\/Tasche-n\u00e4hen-mit-Reissverschluss-Aussentasche-und-Innenf\u00e4chern-23-Futter-ann\u00e4hen-200x114.jpg 200w, https:\/\/cheznu.tv\/familymanagement\/wp-content\/uploads\/2020\/02\/Tasche-n\u00e4hen-mit-Reissverschluss-Aussentasche-und-Innenf\u00e4chern-23-Futter-ann\u00e4hen-400x228.jpg 400w, https:\/\/cheznu.tv\/familymanagement\/wp-content\/uploads\/2020\/02\/Tasche-n\u00e4hen-mit-Reissverschluss-Aussentasche-und-Innenf\u00e4chern-23-Futter-ann\u00e4hen-600x342.jpg 600w, https:\/\/cheznu.tv\/familymanagement\/wp-content\/uploads\/2020\/02\/Tasche-n\u00e4hen-mit-Reissverschluss-Aussentasche-und-Innenf\u00e4chern-23-Futter-ann\u00e4hen-800x456.jpg 800w, https:\/\/cheznu.tv\/familymanagement\/wp-content\/uploads\/2020\/02\/Tasche-n\u00e4hen-mit-Reissverschluss-Aussentasche-und-Innenf\u00e4chern-23-Futter-ann\u00e4hen.jpg 1000w\" sizes=\"(max-width: 800px) 100vw, 1000px\" \/><\/span><\/div><div class=\"fusion-clearfix\"><\/div><\/div><\/div><\/div><\/div><div class=\"fusion-fullwidth fullwidth-box fusion-builder-row-21 nonhundred-percent-fullwidth non-hundred-percent-height-scrolling\" style=\"--awb-background-position:left top;--awb-border-radius-top-left:0px;--awb-border-radius-top-right:0px;--awb-border-radius-bottom-right:0px;--awb-border-radius-bottom-left:0px;--awb-padding-top:20px;--awb-padding-bottom:20px;--awb-border-sizes-top:0px;--awb-border-sizes-bottom:0px;--awb-flex-wrap:wrap;\" ><div class=\"fusion-builder-row fusion-row\"><div class=\"fusion-layout-column fusion_builder_column fusion-builder-column-29 fusion_builder_column_1_1 1_1 fusion-one-full fusion-column-first fusion-column-last fusion-column-no-min-height\" style=\"--awb-bg-size:cover;--awb-margin-bottom:0px;\"><div class=\"fusion-column-wrapper fusion-flex-column-wrapper-legacy\"><div class=\"fusion-text fusion-text-18\"><p>Die Aussentasche jetzt mit der rechten Seite aussen in das Futter, rechte Seite innen, stecken.<\/p>\n<\/div><div class=\"fusion-image-element in-legacy-container\" style=\"--awb-caption-title-font-family:var(--h2_typography-font-family);--awb-caption-title-font-weight:var(--h2_typography-font-weight);--awb-caption-title-font-style:var(--h2_typography-font-style);--awb-caption-title-size:var(--h2_typography-font-size);--awb-caption-title-transform:var(--h2_typography-text-transform);--awb-caption-title-line-height:var(--h2_typography-line-height);--awb-caption-title-letter-spacing:var(--h2_typography-letter-spacing);\"><span class=\" fusion-imageframe imageframe-none imageframe-23 hover-type-none\"><img decoding=\"async\" width=\"1000\" height=\"466\" alt=\"Tasche n\u00e4hen mit Reissverschluss Aussentasche und Innenf\u00e4chern - 24 Wende\u00f6ffnung\" title=\"Tasche n\u00e4hen mit Reissverschluss Aussentasche und Innenf\u00e4chern &#8211; 24 Wende\u00f6ffnung\" src=\"https:\/\/cheznu.tv\/familymanagement\/wp-content\/uploads\/2020\/02\/Tasche-n\u00e4hen-mit-Reissverschluss-Aussentasche-und-Innenf\u00e4chern-24-Wende\u00f6ffnung.jpg\" class=\"img-responsive wp-image-29390\" srcset=\"https:\/\/cheznu.tv\/familymanagement\/wp-content\/uploads\/2020\/02\/Tasche-n\u00e4hen-mit-Reissverschluss-Aussentasche-und-Innenf\u00e4chern-24-Wende\u00f6ffnung-200x93.jpg 200w, https:\/\/cheznu.tv\/familymanagement\/wp-content\/uploads\/2020\/02\/Tasche-n\u00e4hen-mit-Reissverschluss-Aussentasche-und-Innenf\u00e4chern-24-Wende\u00f6ffnung-400x186.jpg 400w, https:\/\/cheznu.tv\/familymanagement\/wp-content\/uploads\/2020\/02\/Tasche-n\u00e4hen-mit-Reissverschluss-Aussentasche-und-Innenf\u00e4chern-24-Wende\u00f6ffnung-600x280.jpg 600w, https:\/\/cheznu.tv\/familymanagement\/wp-content\/uploads\/2020\/02\/Tasche-n\u00e4hen-mit-Reissverschluss-Aussentasche-und-Innenf\u00e4chern-24-Wende\u00f6ffnung-800x373.jpg 800w, https:\/\/cheznu.tv\/familymanagement\/wp-content\/uploads\/2020\/02\/Tasche-n\u00e4hen-mit-Reissverschluss-Aussentasche-und-Innenf\u00e4chern-24-Wende\u00f6ffnung.jpg 1000w\" sizes=\"(max-width: 800px) 100vw, 1000px\" \/><\/span><\/div><div class=\"fusion-clearfix\"><\/div><\/div><\/div><\/div><\/div><div class=\"fusion-fullwidth fullwidth-box fusion-builder-row-22 nonhundred-percent-fullwidth non-hundred-percent-height-scrolling\" style=\"--awb-background-position:left top;--awb-border-radius-top-left:0px;--awb-border-radius-top-right:0px;--awb-border-radius-bottom-right:0px;--awb-border-radius-bottom-left:0px;--awb-padding-top:20px;--awb-padding-bottom:20px;--awb-border-sizes-top:0px;--awb-border-sizes-bottom:0px;--awb-flex-wrap:wrap;\" ><div class=\"fusion-builder-row fusion-row\"><div class=\"fusion-layout-column fusion_builder_column fusion-builder-column-30 fusion_builder_column_1_1 1_1 fusion-one-full fusion-column-first fusion-column-last fusion-column-no-min-height\" style=\"--awb-bg-size:cover;--awb-margin-bottom:0px;\"><div class=\"fusion-column-wrapper fusion-flex-column-wrapper-legacy\"><div class=\"fusion-text fusion-text-19\"><p>Die Aussentasche muss dabei durch die Wende\u00f6ffnung sichtbar sein.<\/p>\n<\/div><div class=\"fusion-image-element in-legacy-container\" style=\"--awb-caption-title-font-family:var(--h2_typography-font-family);--awb-caption-title-font-weight:var(--h2_typography-font-weight);--awb-caption-title-font-style:var(--h2_typography-font-style);--awb-caption-title-size:var(--h2_typography-font-size);--awb-caption-title-transform:var(--h2_typography-text-transform);--awb-caption-title-line-height:var(--h2_typography-line-height);--awb-caption-title-letter-spacing:var(--h2_typography-letter-spacing);\"><span class=\" fusion-imageframe imageframe-none imageframe-24 hover-type-none\"><img decoding=\"async\" width=\"1000\" height=\"743\" alt=\"Tasche n\u00e4hen mit Reissverschluss Aussentasche und Innenf\u00e4chern - 25 Wende\u00f6ffnung\" title=\"Tasche n\u00e4hen mit Reissverschluss Aussentasche und Innenf\u00e4chern &#8211; 25 Wende\u00f6ffnung\" src=\"https:\/\/cheznu.tv\/familymanagement\/wp-content\/uploads\/2020\/02\/Tasche-n\u00e4hen-mit-Reissverschluss-Aussentasche-und-Innenf\u00e4chern-25-Wende\u00f6ffnung.jpg\" class=\"img-responsive wp-image-29391\" srcset=\"https:\/\/cheznu.tv\/familymanagement\/wp-content\/uploads\/2020\/02\/Tasche-n\u00e4hen-mit-Reissverschluss-Aussentasche-und-Innenf\u00e4chern-25-Wende\u00f6ffnung-200x149.jpg 200w, https:\/\/cheznu.tv\/familymanagement\/wp-content\/uploads\/2020\/02\/Tasche-n\u00e4hen-mit-Reissverschluss-Aussentasche-und-Innenf\u00e4chern-25-Wende\u00f6ffnung-400x297.jpg 400w, https:\/\/cheznu.tv\/familymanagement\/wp-content\/uploads\/2020\/02\/Tasche-n\u00e4hen-mit-Reissverschluss-Aussentasche-und-Innenf\u00e4chern-25-Wende\u00f6ffnung-600x446.jpg 600w, https:\/\/cheznu.tv\/familymanagement\/wp-content\/uploads\/2020\/02\/Tasche-n\u00e4hen-mit-Reissverschluss-Aussentasche-und-Innenf\u00e4chern-25-Wende\u00f6ffnung-800x594.jpg 800w, https:\/\/cheznu.tv\/familymanagement\/wp-content\/uploads\/2020\/02\/Tasche-n\u00e4hen-mit-Reissverschluss-Aussentasche-und-Innenf\u00e4chern-25-Wende\u00f6ffnung.jpg 1000w\" sizes=\"(max-width: 800px) 100vw, 1000px\" \/><\/span><\/div><div class=\"fusion-clearfix\"><\/div><\/div><\/div><\/div><\/div><div class=\"fusion-fullwidth fullwidth-box fusion-builder-row-23 nonhundred-percent-fullwidth non-hundred-percent-height-scrolling\" style=\"--awb-background-position:left top;--awb-border-radius-top-left:0px;--awb-border-radius-top-right:0px;--awb-border-radius-bottom-right:0px;--awb-border-radius-bottom-left:0px;--awb-padding-top:20px;--awb-padding-bottom:20px;--awb-border-sizes-top:0px;--awb-border-sizes-bottom:0px;--awb-flex-wrap:wrap;\" ><div class=\"fusion-builder-row fusion-row\"><div class=\"fusion-layout-column fusion_builder_column fusion-builder-column-31 fusion_builder_column_1_1 1_1 fusion-one-full fusion-column-first fusion-column-last fusion-column-no-min-height\" style=\"--awb-bg-size:cover;--awb-margin-bottom:0px;\"><div class=\"fusion-column-wrapper fusion-flex-column-wrapper-legacy\"><div class=\"fusion-text fusion-text-20\"><p>An den Seitenn\u00e4hten wird noch ein 10 cm Streifen Gurtband mit einem 4-kant Ring auf die Seitennaht angelegt.<\/p>\n<p>Jetzt rundum ann\u00e4hen.<\/p>\n<\/div><div class=\"fusion-clearfix\"><\/div><\/div><\/div><div class=\"fusion-layout-column fusion_builder_column fusion-builder-column-32 fusion_builder_column_1_2 1_2 fusion-one-half fusion-column-first\" style=\"--awb-bg-size:cover;width:50%;width:calc(50% - ( ( 4% ) * 0.5 ) );margin-right: 4%;\"><div class=\"fusion-column-wrapper fusion-column-has-shadow fusion-flex-column-wrapper-legacy\"><div class=\"fusion-image-element in-legacy-container\" style=\"--awb-caption-title-font-family:var(--h2_typography-font-family);--awb-caption-title-font-weight:var(--h2_typography-font-weight);--awb-caption-title-font-style:var(--h2_typography-font-style);--awb-caption-title-size:var(--h2_typography-font-size);--awb-caption-title-transform:var(--h2_typography-text-transform);--awb-caption-title-line-height:var(--h2_typography-line-height);--awb-caption-title-letter-spacing:var(--h2_typography-letter-spacing);\"><span class=\" fusion-imageframe imageframe-none imageframe-25 hover-type-none\"><img decoding=\"async\" width=\"1000\" height=\"658\" alt=\"Tasche n\u00e4hen mit Reissverschluss Aussentasche und Innenf\u00e4chern - 27 Tasche und Futter\" title=\"Tasche n\u00e4hen mit Reissverschluss Aussentasche und Innenf\u00e4chern &#8211; 27 Tasche und Futter\" src=\"https:\/\/cheznu.tv\/familymanagement\/wp-content\/uploads\/2020\/02\/Tasche-n\u00e4hen-mit-Reissverschluss-Aussentasche-und-Innenf\u00e4chern-27-Tasche-und-Futter.jpg\" class=\"img-responsive wp-image-29393\" srcset=\"https:\/\/cheznu.tv\/familymanagement\/wp-content\/uploads\/2020\/02\/Tasche-n\u00e4hen-mit-Reissverschluss-Aussentasche-und-Innenf\u00e4chern-27-Tasche-und-Futter-200x132.jpg 200w, https:\/\/cheznu.tv\/familymanagement\/wp-content\/uploads\/2020\/02\/Tasche-n\u00e4hen-mit-Reissverschluss-Aussentasche-und-Innenf\u00e4chern-27-Tasche-und-Futter-400x263.jpg 400w, https:\/\/cheznu.tv\/familymanagement\/wp-content\/uploads\/2020\/02\/Tasche-n\u00e4hen-mit-Reissverschluss-Aussentasche-und-Innenf\u00e4chern-27-Tasche-und-Futter-600x395.jpg 600w, https:\/\/cheznu.tv\/familymanagement\/wp-content\/uploads\/2020\/02\/Tasche-n\u00e4hen-mit-Reissverschluss-Aussentasche-und-Innenf\u00e4chern-27-Tasche-und-Futter-800x526.jpg 800w, https:\/\/cheznu.tv\/familymanagement\/wp-content\/uploads\/2020\/02\/Tasche-n\u00e4hen-mit-Reissverschluss-Aussentasche-und-Innenf\u00e4chern-27-Tasche-und-Futter.jpg 1000w\" sizes=\"(max-width: 800px) 100vw, 600px\" \/><\/span><\/div><div class=\"fusion-clearfix\"><\/div><\/div><\/div><div class=\"fusion-layout-column fusion_builder_column fusion-builder-column-33 fusion_builder_column_1_2 1_2 fusion-one-half fusion-column-last\" style=\"--awb-bg-size:cover;width:50%;width:calc(50% - ( ( 4% ) * 0.5 ) );\"><div class=\"fusion-column-wrapper fusion-column-has-shadow fusion-flex-column-wrapper-legacy\"><div class=\"fusion-image-element in-legacy-container\" style=\"--awb-caption-title-font-family:var(--h2_typography-font-family);--awb-caption-title-font-weight:var(--h2_typography-font-weight);--awb-caption-title-font-style:var(--h2_typography-font-style);--awb-caption-title-size:var(--h2_typography-font-size);--awb-caption-title-transform:var(--h2_typography-text-transform);--awb-caption-title-line-height:var(--h2_typography-line-height);--awb-caption-title-letter-spacing:var(--h2_typography-letter-spacing);\"><span class=\" fusion-imageframe imageframe-none imageframe-26 hover-type-none\"><img decoding=\"async\" width=\"1000\" height=\"441\" alt=\"Tasche n\u00e4hen mit Reissverschluss Aussentasche und Innenf\u00e4chern - 26 Wende\u00f6ffnung\" title=\"Tasche n\u00e4hen mit Reissverschluss Aussentasche und Innenf\u00e4chern &#8211; 26 Wende\u00f6ffnung\" src=\"https:\/\/cheznu.tv\/familymanagement\/wp-content\/uploads\/2020\/02\/Tasche-n\u00e4hen-mit-Reissverschluss-Aussentasche-und-Innenf\u00e4chern-26-Wende\u00f6ffnung.jpg\" class=\"img-responsive wp-image-29392\" srcset=\"https:\/\/cheznu.tv\/familymanagement\/wp-content\/uploads\/2020\/02\/Tasche-n\u00e4hen-mit-Reissverschluss-Aussentasche-und-Innenf\u00e4chern-26-Wende\u00f6ffnung-200x88.jpg 200w, https:\/\/cheznu.tv\/familymanagement\/wp-content\/uploads\/2020\/02\/Tasche-n\u00e4hen-mit-Reissverschluss-Aussentasche-und-Innenf\u00e4chern-26-Wende\u00f6ffnung-400x176.jpg 400w, https:\/\/cheznu.tv\/familymanagement\/wp-content\/uploads\/2020\/02\/Tasche-n\u00e4hen-mit-Reissverschluss-Aussentasche-und-Innenf\u00e4chern-26-Wende\u00f6ffnung-600x265.jpg 600w, https:\/\/cheznu.tv\/familymanagement\/wp-content\/uploads\/2020\/02\/Tasche-n\u00e4hen-mit-Reissverschluss-Aussentasche-und-Innenf\u00e4chern-26-Wende\u00f6ffnung-800x353.jpg 800w, https:\/\/cheznu.tv\/familymanagement\/wp-content\/uploads\/2020\/02\/Tasche-n\u00e4hen-mit-Reissverschluss-Aussentasche-und-Innenf\u00e4chern-26-Wende\u00f6ffnung.jpg 1000w\" sizes=\"(max-width: 800px) 100vw, 600px\" \/><\/span><\/div><div class=\"fusion-clearfix\"><\/div><\/div><\/div><\/div><\/div><div class=\"fusion-fullwidth fullwidth-box fusion-builder-row-24 nonhundred-percent-fullwidth non-hundred-percent-height-scrolling\" style=\"--awb-background-position:left top;--awb-border-radius-top-left:0px;--awb-border-radius-top-right:0px;--awb-border-radius-bottom-right:0px;--awb-border-radius-bottom-left:0px;--awb-padding-top:20px;--awb-padding-bottom:20px;--awb-border-sizes-top:0px;--awb-border-sizes-bottom:0px;--awb-flex-wrap:wrap;\" ><div class=\"fusion-builder-row fusion-row\"><div class=\"fusion-layout-column fusion_builder_column fusion-builder-column-34 fusion_builder_column_1_1 1_1 fusion-one-full fusion-column-first fusion-column-last fusion-column-no-min-height\" style=\"--awb-bg-size:cover;--awb-margin-bottom:0px;\"><div class=\"fusion-column-wrapper fusion-flex-column-wrapper-legacy\"><div class=\"fusion-text fusion-text-21\"><p>Die Tasche wenden und die Wende\u00f6ffnung schliessen.<\/p>\n<\/div><div class=\"fusion-clearfix\"><\/div><\/div><\/div><div class=\"fusion-layout-column fusion_builder_column fusion-builder-column-35 fusion_builder_column_1_2 1_2 fusion-one-half fusion-column-first\" style=\"--awb-bg-size:cover;width:50%;width:calc(50% - ( ( 4% ) * 0.5 ) );margin-right: 4%;\"><div class=\"fusion-column-wrapper fusion-column-has-shadow fusion-flex-column-wrapper-legacy\"><div class=\"fusion-image-element in-legacy-container\" style=\"--awb-caption-title-font-family:var(--h2_typography-font-family);--awb-caption-title-font-weight:var(--h2_typography-font-weight);--awb-caption-title-font-style:var(--h2_typography-font-style);--awb-caption-title-size:var(--h2_typography-font-size);--awb-caption-title-transform:var(--h2_typography-text-transform);--awb-caption-title-line-height:var(--h2_typography-line-height);--awb-caption-title-letter-spacing:var(--h2_typography-letter-spacing);\"><span class=\" fusion-imageframe imageframe-none imageframe-27 hover-type-none\"><img decoding=\"async\" width=\"1000\" height=\"492\" alt=\"Tasche n\u00e4hen mit Reissverschluss Aussentasche und Innenf\u00e4chern - 28 Kante absteppen\" title=\"Tasche n\u00e4hen mit Reissverschluss Aussentasche und Innenf\u00e4chern &#8211; 28 Kante absteppen\" src=\"https:\/\/cheznu.tv\/familymanagement\/wp-content\/uploads\/2020\/02\/Tasche-n\u00e4hen-mit-Reissverschluss-Aussentasche-und-Innenf\u00e4chern-28-Kante-absteppen.jpg\" class=\"img-responsive wp-image-29394\" srcset=\"https:\/\/cheznu.tv\/familymanagement\/wp-content\/uploads\/2020\/02\/Tasche-n\u00e4hen-mit-Reissverschluss-Aussentasche-und-Innenf\u00e4chern-28-Kante-absteppen-200x98.jpg 200w, https:\/\/cheznu.tv\/familymanagement\/wp-content\/uploads\/2020\/02\/Tasche-n\u00e4hen-mit-Reissverschluss-Aussentasche-und-Innenf\u00e4chern-28-Kante-absteppen-400x197.jpg 400w, https:\/\/cheznu.tv\/familymanagement\/wp-content\/uploads\/2020\/02\/Tasche-n\u00e4hen-mit-Reissverschluss-Aussentasche-und-Innenf\u00e4chern-28-Kante-absteppen-600x295.jpg 600w, https:\/\/cheznu.tv\/familymanagement\/wp-content\/uploads\/2020\/02\/Tasche-n\u00e4hen-mit-Reissverschluss-Aussentasche-und-Innenf\u00e4chern-28-Kante-absteppen-800x394.jpg 800w, https:\/\/cheznu.tv\/familymanagement\/wp-content\/uploads\/2020\/02\/Tasche-n\u00e4hen-mit-Reissverschluss-Aussentasche-und-Innenf\u00e4chern-28-Kante-absteppen.jpg 1000w\" sizes=\"(max-width: 800px) 100vw, 600px\" \/><\/span><\/div><div class=\"fusion-clearfix\"><\/div><\/div><\/div><div class=\"fusion-layout-column fusion_builder_column fusion-builder-column-36 fusion_builder_column_1_2 1_2 fusion-one-half fusion-column-last\" style=\"--awb-bg-size:cover;width:50%;width:calc(50% - ( ( 4% ) * 0.5 ) );\"><div class=\"fusion-column-wrapper fusion-column-has-shadow fusion-flex-column-wrapper-legacy\"><div class=\"fusion-image-element in-legacy-container\" style=\"--awb-caption-title-font-family:var(--h2_typography-font-family);--awb-caption-title-font-weight:var(--h2_typography-font-weight);--awb-caption-title-font-style:var(--h2_typography-font-style);--awb-caption-title-size:var(--h2_typography-font-size);--awb-caption-title-transform:var(--h2_typography-text-transform);--awb-caption-title-line-height:var(--h2_typography-line-height);--awb-caption-title-letter-spacing:var(--h2_typography-letter-spacing);\"><span class=\" fusion-imageframe imageframe-none imageframe-28 hover-type-none\"><img decoding=\"async\" width=\"1000\" height=\"334\" alt=\"Tasche n\u00e4hen mit Reissverschluss Aussentasche und Innenf\u00e4chern - 29 Kante absteppen\" title=\"Tasche n\u00e4hen mit Reissverschluss Aussentasche und Innenf\u00e4chern &#8211; 29 Kante absteppen\" src=\"https:\/\/cheznu.tv\/familymanagement\/wp-content\/uploads\/2020\/02\/Tasche-n\u00e4hen-mit-Reissverschluss-Aussentasche-und-Innenf\u00e4chern-29-Kante-absteppen.jpg\" class=\"img-responsive wp-image-29395\" srcset=\"https:\/\/cheznu.tv\/familymanagement\/wp-content\/uploads\/2020\/02\/Tasche-n\u00e4hen-mit-Reissverschluss-Aussentasche-und-Innenf\u00e4chern-29-Kante-absteppen-200x67.jpg 200w, https:\/\/cheznu.tv\/familymanagement\/wp-content\/uploads\/2020\/02\/Tasche-n\u00e4hen-mit-Reissverschluss-Aussentasche-und-Innenf\u00e4chern-29-Kante-absteppen-400x134.jpg 400w, https:\/\/cheznu.tv\/familymanagement\/wp-content\/uploads\/2020\/02\/Tasche-n\u00e4hen-mit-Reissverschluss-Aussentasche-und-Innenf\u00e4chern-29-Kante-absteppen-600x200.jpg 600w, https:\/\/cheznu.tv\/familymanagement\/wp-content\/uploads\/2020\/02\/Tasche-n\u00e4hen-mit-Reissverschluss-Aussentasche-und-Innenf\u00e4chern-29-Kante-absteppen-800x267.jpg 800w, https:\/\/cheznu.tv\/familymanagement\/wp-content\/uploads\/2020\/02\/Tasche-n\u00e4hen-mit-Reissverschluss-Aussentasche-und-Innenf\u00e4chern-29-Kante-absteppen.jpg 1000w\" sizes=\"(max-width: 800px) 100vw, 600px\" \/><\/span><\/div><div class=\"fusion-clearfix\"><\/div><\/div><\/div><\/div><\/div><div class=\"fusion-fullwidth fullwidth-box fusion-builder-row-25 nonhundred-percent-fullwidth non-hundred-percent-height-scrolling\" style=\"--awb-background-position:left top;--awb-border-radius-top-left:0px;--awb-border-radius-top-right:0px;--awb-border-radius-bottom-right:0px;--awb-border-radius-bottom-left:0px;--awb-padding-top:20px;--awb-padding-bottom:20px;--awb-border-sizes-top:0px;--awb-border-sizes-bottom:0px;--awb-flex-wrap:wrap;\" ><div class=\"fusion-builder-row fusion-row\"><div class=\"fusion-layout-column fusion_builder_column fusion-builder-column-37 fusion_builder_column_1_1 1_1 fusion-one-full fusion-column-first fusion-column-last fusion-column-no-min-height\" style=\"--awb-bg-size:cover;--awb-margin-bottom:0px;\"><div class=\"fusion-column-wrapper fusion-flex-column-wrapper-legacy\"><div class=\"fusion-text fusion-text-22\"><p>Das Taschenfutter ist 6 cm k\u00fcrzer als die Tasche. Um das auszugleichen und um den Reissverschluss zur\u00fcck zusetzten wir das Futter jetzt 3 cm zur\u00fcck geschoben und die Kante abgesteppt. Achte darauf, dass die Ringe f\u00fcr das Gurtband dabei nach oben liegen und mit fixiert werden.<\/p>\n<\/div><div class=\"fusion-image-element in-legacy-container\" style=\"--awb-caption-title-font-family:var(--h2_typography-font-family);--awb-caption-title-font-weight:var(--h2_typography-font-weight);--awb-caption-title-font-style:var(--h2_typography-font-style);--awb-caption-title-size:var(--h2_typography-font-size);--awb-caption-title-transform:var(--h2_typography-text-transform);--awb-caption-title-line-height:var(--h2_typography-line-height);--awb-caption-title-letter-spacing:var(--h2_typography-letter-spacing);\"><span class=\" fusion-imageframe imageframe-none imageframe-29 hover-type-none\"><img decoding=\"async\" width=\"1000\" height=\"856\" alt=\"Tasche n\u00e4hen mit Reissverschluss Aussentasche und Innenf\u00e4chern - 30 Gurtverk\u00fcrzer\" title=\"Tasche n\u00e4hen mit Reissverschluss Aussentasche und Innenf\u00e4chern &#8211; 30 Gurtverk\u00fcrzer\" src=\"https:\/\/cheznu.tv\/familymanagement\/wp-content\/uploads\/2020\/02\/Tasche-n\u00e4hen-mit-Reissverschluss-Aussentasche-und-Innenf\u00e4chern-30-Gurtverk\u00fcrzer.jpg\" class=\"img-responsive wp-image-29396\" srcset=\"https:\/\/cheznu.tv\/familymanagement\/wp-content\/uploads\/2020\/02\/Tasche-n\u00e4hen-mit-Reissverschluss-Aussentasche-und-Innenf\u00e4chern-30-Gurtverk\u00fcrzer-200x171.jpg 200w, https:\/\/cheznu.tv\/familymanagement\/wp-content\/uploads\/2020\/02\/Tasche-n\u00e4hen-mit-Reissverschluss-Aussentasche-und-Innenf\u00e4chern-30-Gurtverk\u00fcrzer-400x342.jpg 400w, https:\/\/cheznu.tv\/familymanagement\/wp-content\/uploads\/2020\/02\/Tasche-n\u00e4hen-mit-Reissverschluss-Aussentasche-und-Innenf\u00e4chern-30-Gurtverk\u00fcrzer-600x514.jpg 600w, https:\/\/cheznu.tv\/familymanagement\/wp-content\/uploads\/2020\/02\/Tasche-n\u00e4hen-mit-Reissverschluss-Aussentasche-und-Innenf\u00e4chern-30-Gurtverk\u00fcrzer-800x685.jpg 800w, https:\/\/cheznu.tv\/familymanagement\/wp-content\/uploads\/2020\/02\/Tasche-n\u00e4hen-mit-Reissverschluss-Aussentasche-und-Innenf\u00e4chern-30-Gurtverk\u00fcrzer.jpg 1000w\" sizes=\"(max-width: 800px) 100vw, 1000px\" \/><\/span><\/div><div class=\"fusion-clearfix\"><\/div><\/div><\/div><\/div><\/div><div class=\"fusion-fullwidth fullwidth-box fusion-builder-row-26 nonhundred-percent-fullwidth non-hundred-percent-height-scrolling\" style=\"--awb-background-position:left top;--awb-border-radius-top-left:0px;--awb-border-radius-top-right:0px;--awb-border-radius-bottom-right:0px;--awb-border-radius-bottom-left:0px;--awb-padding-top:20px;--awb-padding-bottom:20px;--awb-border-sizes-top:0px;--awb-border-sizes-bottom:0px;--awb-flex-wrap:wrap;\" ><div class=\"fusion-builder-row fusion-row\"><div class=\"fusion-layout-column fusion_builder_column fusion-builder-column-38 fusion_builder_column_1_1 1_1 fusion-one-full fusion-column-first fusion-column-last fusion-column-no-min-height\" style=\"--awb-bg-size:cover;--awb-margin-bottom:0px;\"><div class=\"fusion-column-wrapper fusion-flex-column-wrapper-legacy\"><div class=\"fusion-text fusion-text-23\"><p>Den Gurtverk\u00fcrzer an den Gurt ann\u00e4hen, in die Ringe einf\u00e4deln und festn\u00e4hen.<\/p>\n<\/div><div class=\"fusion-image-element in-legacy-container\" style=\"--awb-caption-title-font-family:var(--h2_typography-font-family);--awb-caption-title-font-weight:var(--h2_typography-font-weight);--awb-caption-title-font-style:var(--h2_typography-font-style);--awb-caption-title-size:var(--h2_typography-font-size);--awb-caption-title-transform:var(--h2_typography-text-transform);--awb-caption-title-line-height:var(--h2_typography-line-height);--awb-caption-title-letter-spacing:var(--h2_typography-letter-spacing);\"><span class=\" fusion-imageframe imageframe-none imageframe-30 hover-type-none\"><img decoding=\"async\" width=\"1000\" height=\"728\" alt=\"Tasche n\u00e4hen mit Reissverschluss Aussentasche und Innenf\u00e4chern - 31 fertige Tasche\" title=\"Tasche n\u00e4hen mit Reissverschluss Aussentasche und Innenf\u00e4chern &#8211; 31 fertige Tasche\" src=\"https:\/\/cheznu.tv\/familymanagement\/wp-content\/uploads\/2020\/02\/Tasche-n\u00e4hen-mit-Reissverschluss-Aussentasche-und-Innenf\u00e4chern-31-fertige-Tasche.jpg\" class=\"img-responsive wp-image-29397\" srcset=\"https:\/\/cheznu.tv\/familymanagement\/wp-content\/uploads\/2020\/02\/Tasche-n\u00e4hen-mit-Reissverschluss-Aussentasche-und-Innenf\u00e4chern-31-fertige-Tasche-200x146.jpg 200w, https:\/\/cheznu.tv\/familymanagement\/wp-content\/uploads\/2020\/02\/Tasche-n\u00e4hen-mit-Reissverschluss-Aussentasche-und-Innenf\u00e4chern-31-fertige-Tasche-400x291.jpg 400w, https:\/\/cheznu.tv\/familymanagement\/wp-content\/uploads\/2020\/02\/Tasche-n\u00e4hen-mit-Reissverschluss-Aussentasche-und-Innenf\u00e4chern-31-fertige-Tasche-600x437.jpg 600w, https:\/\/cheznu.tv\/familymanagement\/wp-content\/uploads\/2020\/02\/Tasche-n\u00e4hen-mit-Reissverschluss-Aussentasche-und-Innenf\u00e4chern-31-fertige-Tasche-800x582.jpg 800w, https:\/\/cheznu.tv\/familymanagement\/wp-content\/uploads\/2020\/02\/Tasche-n\u00e4hen-mit-Reissverschluss-Aussentasche-und-Innenf\u00e4chern-31-fertige-Tasche.jpg 1000w\" sizes=\"(max-width: 800px) 100vw, 1000px\" \/><\/span><\/div><div class=\"fusion-clearfix\"><\/div><\/div><\/div><\/div><\/div><div class=\"fusion-fullwidth fullwidth-box fusion-builder-row-27 nonhundred-percent-fullwidth non-hundred-percent-height-scrolling\" style=\"--awb-background-position:left top;--awb-border-radius-top-left:0px;--awb-border-radius-top-right:0px;--awb-border-radius-bottom-right:0px;--awb-border-radius-bottom-left:0px;--awb-padding-top:20px;--awb-padding-bottom:20px;--awb-border-sizes-top:0px;--awb-border-sizes-bottom:0px;--awb-flex-wrap:wrap;\" ><div class=\"fusion-builder-row fusion-row\"><div class=\"fusion-layout-column fusion_builder_column fusion-builder-column-39 fusion_builder_column_1_1 1_1 fusion-one-full fusion-column-first fusion-column-last fusion-column-no-min-height\" style=\"--awb-bg-size:cover;--awb-margin-bottom:0px;\"><div class=\"fusion-column-wrapper fusion-flex-column-wrapper-legacy\"><div class=\"fusion-text fusion-text-24\"><p><a href=\"https:\/\/cheznu.tv\/familymanagement\/handtasche-rio-naehen\/\"><strong>Noch eine Tasche mit Reissverschluss &#8211; diesmal eine Handtasche<\/strong><\/a><\/p>\n<\/div><div class=\"fusion-image-element in-legacy-container\" style=\"--awb-caption-title-font-family:var(--h2_typography-font-family);--awb-caption-title-font-weight:var(--h2_typography-font-weight);--awb-caption-title-font-style:var(--h2_typography-font-style);--awb-caption-title-size:var(--h2_typography-font-size);--awb-caption-title-transform:var(--h2_typography-text-transform);--awb-caption-title-line-height:var(--h2_typography-line-height);--awb-caption-title-letter-spacing:var(--h2_typography-letter-spacing);\"><span class=\" fusion-imageframe imageframe-none imageframe-31 hover-type-none\"><a class=\"fusion-no-lightbox\" href=\"https:\/\/cheznu.tv\/familymanagement\/handtasche-rio-naehen\/\" target=\"_self\" aria-label=\"Handtasche n\u00e4hen mit Rei\u00dfverschluss\"><img decoding=\"async\" width=\"1200\" height=\"630\" alt=\"Handtasche n\u00e4hen mit Rei\u00dfverschluss\" src=\"https:\/\/cheznu.tv\/familymanagement\/wp-content\/uploads\/2020\/02\/Handtasche-n\u00e4hen-mit-Rei\u00dfverschluss.jpg\" class=\"img-responsive wp-image-27609\" srcset=\"https:\/\/cheznu.tv\/familymanagement\/wp-content\/uploads\/2020\/02\/Handtasche-n\u00e4hen-mit-Rei\u00dfverschluss-200x105.jpg 200w, https:\/\/cheznu.tv\/familymanagement\/wp-content\/uploads\/2020\/02\/Handtasche-n\u00e4hen-mit-Rei\u00dfverschluss-400x210.jpg 400w, https:\/\/cheznu.tv\/familymanagement\/wp-content\/uploads\/2020\/02\/Handtasche-n\u00e4hen-mit-Rei\u00dfverschluss-600x315.jpg 600w, https:\/\/cheznu.tv\/familymanagement\/wp-content\/uploads\/2020\/02\/Handtasche-n\u00e4hen-mit-Rei\u00dfverschluss-800x420.jpg 800w, https:\/\/cheznu.tv\/familymanagement\/wp-content\/uploads\/2020\/02\/Handtasche-n\u00e4hen-mit-Rei\u00dfverschluss.jpg 1200w\" sizes=\"(max-width: 800px) 100vw, 1200px\" \/><\/a><\/span><\/div><div class=\"fusion-clearfix\"><\/div><\/div><\/div><\/div><\/div><div class=\"fusion-fullwidth fullwidth-box fusion-builder-row-28 nonhundred-percent-fullwidth non-hundred-percent-height-scrolling\" style=\"--awb-background-position:left top;--awb-border-radius-top-left:0px;--awb-border-radius-top-right:0px;--awb-border-radius-bottom-right:0px;--awb-border-radius-bottom-left:0px;--awb-padding-top:20px;--awb-padding-bottom:20px;--awb-border-sizes-top:0px;--awb-border-sizes-bottom:0px;--awb-flex-wrap:wrap;\" ><div class=\"fusion-builder-row fusion-row\"><div class=\"fusion-layout-column fusion_builder_column fusion-builder-column-40 fusion_builder_column_1_1 1_1 fusion-one-full fusion-column-first fusion-column-last fusion-column-no-min-height\" style=\"--awb-bg-size:cover;--awb-margin-bottom:0px;\"><div class=\"fusion-column-wrapper fusion-flex-column-wrapper-legacy\"><div class=\"fusion-image-element in-legacy-container\" style=\"--awb-caption-title-font-family:var(--h2_typography-font-family);--awb-caption-title-font-weight:var(--h2_typography-font-weight);--awb-caption-title-font-style:var(--h2_typography-font-style);--awb-caption-title-size:var(--h2_typography-font-size);--awb-caption-title-transform:var(--h2_typography-text-transform);--awb-caption-title-line-height:var(--h2_typography-line-height);--awb-caption-title-letter-spacing:var(--h2_typography-letter-spacing);\"><span class=\" fusion-imageframe imageframe-none imageframe-32 hover-type-none\"><a class=\"fusion-no-lightbox\" href=\"https:\/\/cheznu.tv\/familymanagement\/saison\" target=\"_self\" aria-label=\"n\u00e4hen f\u00fcr die aktuelle Saison\"><img decoding=\"async\" width=\"300\" height=\"158\" alt=\"n\u00e4hen f\u00fcr die aktuelle Saison\" src=\"https:\/\/cheznu.tv\/familymanagement\/wp-content\/uploads\/2018\/03\/Aktuelle-Saison-300x158.png\" class=\"img-responsive wp-image-9278\" srcset=\"https:\/\/cheznu.tv\/familymanagement\/wp-content\/uploads\/2018\/03\/Aktuelle-Saison-200x105.png 200w, https:\/\/cheznu.tv\/familymanagement\/wp-content\/uploads\/2018\/03\/Aktuelle-Saison-400x210.png 400w, https:\/\/cheznu.tv\/familymanagement\/wp-content\/uploads\/2018\/03\/Aktuelle-Saison-600x315.png 600w, https:\/\/cheznu.tv\/familymanagement\/wp-content\/uploads\/2018\/03\/Aktuelle-Saison-800x420.png 800w, https:\/\/cheznu.tv\/familymanagement\/wp-content\/uploads\/2018\/03\/Aktuelle-Saison.png 1200w\" sizes=\"(max-width: 800px) 100vw, 300px\" \/><\/a><\/span><\/div><div class=\"fusion-clearfix\"><\/div><\/div><\/div><\/div><\/div><\/p>\n","protected":false},"excerpt":{"rendered":"<p>In diesem Blogartikel zeigen wir Dir, wie wir eine Tasche mit Reissverschluss n\u00e4hen. Wir zeigen Dir nicht nur den tiefer-gelegten Reissverschluss, sondern auch, wie wir die aufgesetzte Au\u00dfentasche n\u00e4hen und wie wir die Innenf\u00e4cher n\u00e4hen. Das kannst auch Du ganz einfach n\u00e4hen, wenn Du unserer Schritt-f\u00fcr-Schritt-Anleitung folgst.<\/p>\n","protected":false},"author":2,"featured_media":29405,"comment_status":"open","ping_status":"open","sticky":false,"template":"","format":"standard","meta":{"footnotes":""},"categories":[733,774,913,50,67,90,672],"tags":[1151,1156,1564,1563,1266,1267,1562,1270,1264,1320],"class_list":["post-29365","post","type-post","status-publish","format-standard","has-post-thumbnail","hentry","category-back-to-school","category-geschenkidee","category-handtasche","category-muttertag","category-naehen-2","category-tasche","category-wachstuch","tag-naehen-fuer-anfaenger","tag-naehen-lernen","tag-tasche-mit-innentasche-naehen","tag-tasche-mit-reissverschluss-einnaehen","tag-tasche-mit-reissverschluss-naehen","tag-tasche-mit-reissverschluss-naehen-anfaenger","tag-tasche-mit-reissverschluss-naehen-anleitung","tag-tasche-mit-reissverschluss-selber-naehen","tag-tasche-mit-reissverschluss-und-innenfutter-naehen","tag-tasche-naehen"],"yoast_head":"<!-- This site is optimized with the Yoast SEO plugin v28.4 - https:\/\/yoast.com\/product\/yoast-seo-wordpress\/ -->\n<title>Tasche mit Rei\u00dfverschluss n\u00e4hen | mit Aussentasche und Innenf\u00e4chern | Tasche Luzern - ChezNU.TV<\/title>\n<meta name=\"description\" content=\"Hier zeigen wir Dir, wie wir eine Tasche mit Reissverschluss n\u00e4hen. Wir zeigen Dir den tiefer-gelegten Reissverschluss, die Aussentasche und einiges mehr.\" \/>\n<meta name=\"robots\" content=\"index, follow, max-snippet:-1, max-image-preview:large, max-video-preview:-1\" \/>\n<link rel=\"canonical\" href=\"https:\/\/cheznu.tv\/familymanagement\/tasche-mit-reissverschluss-naehen-mit-aussentasche-und-innenfaechern-tasche-luzern\/\" \/>\n<meta property=\"og:locale\" content=\"de_DE\" \/>\n<meta property=\"og:type\" content=\"article\" \/>\n<meta property=\"og:title\" content=\"Tasche mit Rei\u00dfverschluss n\u00e4hen | mit Aussentasche und Innenf\u00e4chern | Tasche Luzern - ChezNU.TV\" \/>\n<meta property=\"og:description\" content=\"Hier zeigen wir Dir, wie wir eine Tasche mit Reissverschluss n\u00e4hen. Wir zeigen Dir den tiefer-gelegten Reissverschluss, die Aussentasche und einiges mehr.\" \/>\n<meta property=\"og:url\" content=\"https:\/\/cheznu.tv\/familymanagement\/tasche-mit-reissverschluss-naehen-mit-aussentasche-und-innenfaechern-tasche-luzern\/\" \/>\n<meta property=\"og:site_name\" content=\"ChezNU.TV\" \/>\n<meta property=\"article:publisher\" content=\"https:\/\/www.facebook.com\/cheznutv\/\" \/>\n<meta property=\"article:published_time\" content=\"2020-03-01T13:00:25+00:00\" \/>\n<meta property=\"article:modified_time\" content=\"2020-03-01T14:34:07+00:00\" \/>\n<meta property=\"og:image\" content=\"https:\/\/cheznu.tv\/familymanagement\/wp-content\/uploads\/2020\/02\/Tasche-mit-Rei\u00dfverschluss-n\u00e4hen-mit-Aussentasche-und-Innenf\u00e4chern-Tasche-Luzern-1.jpg\" \/>\n\t<meta property=\"og:image:width\" content=\"1200\" \/>\n\t<meta property=\"og:image:height\" content=\"630\" \/>\n\t<meta property=\"og:image:type\" content=\"image\/jpeg\" \/>\n<meta name=\"author\" content=\"Ute Schmidt\" \/>\n<meta name=\"twitter:card\" content=\"summary_large_image\" \/>\n<meta name=\"twitter:creator\" content=\"@cheznu_family\" \/>\n<meta name=\"twitter:site\" content=\"@cheznu_family\" \/>\n<meta name=\"twitter:label1\" content=\"Verfasst von\" \/>\n\t<meta name=\"twitter:data1\" content=\"Ute Schmidt\" \/>\n\t<meta name=\"twitter:label2\" content=\"Gesch\u00e4tzte Lesezeit\" \/>\n\t<meta name=\"twitter:data2\" content=\"53\u00a0Minuten\" \/>\n<script type=\"application\/ld+json\" class=\"yoast-schema-graph\">{\"@context\":\"https:\\\/\\\/schema.org\",\"@graph\":[{\"@type\":\"Article\",\"@id\":\"https:\\\/\\\/cheznu.tv\\\/familymanagement\\\/tasche-mit-reissverschluss-naehen-mit-aussentasche-und-innenfaechern-tasche-luzern\\\/#article\",\"isPartOf\":{\"@id\":\"https:\\\/\\\/cheznu.tv\\\/familymanagement\\\/tasche-mit-reissverschluss-naehen-mit-aussentasche-und-innenfaechern-tasche-luzern\\\/\"},\"author\":{\"name\":\"Ute Schmidt\",\"@id\":\"https:\\\/\\\/cheznu.tv\\\/familymanagement\\\/#\\\/schema\\\/person\\\/81c90ab0d1b51b5f2eb679026daff10e\"},\"headline\":\"Tasche mit Rei\u00dfverschluss n\u00e4hen | mit Aussentasche und Innenf\u00e4chern | Tasche Luzern\",\"datePublished\":\"2020-03-01T13:00:25+00:00\",\"dateModified\":\"2020-03-01T14:34:07+00:00\",\"mainEntityOfPage\":{\"@id\":\"https:\\\/\\\/cheznu.tv\\\/familymanagement\\\/tasche-mit-reissverschluss-naehen-mit-aussentasche-und-innenfaechern-tasche-luzern\\\/\"},\"wordCount\":10592,\"commentCount\":0,\"image\":{\"@id\":\"https:\\\/\\\/cheznu.tv\\\/familymanagement\\\/tasche-mit-reissverschluss-naehen-mit-aussentasche-und-innenfaechern-tasche-luzern\\\/#primaryimage\"},\"thumbnailUrl\":\"https:\\\/\\\/cheznu.tv\\\/familymanagement\\\/wp-content\\\/uploads\\\/2020\\\/02\\\/Tasche-mit-Rei\u00dfverschluss-n\u00e4hen-mit-Aussentasche-und-Innenf\u00e4chern-Tasche-Luzern-1.jpg\",\"keywords\":[\"n\u00e4hen f\u00fcr anf\u00e4nger\",\"n\u00e4hen lernen\",\"tasche mit innentasche n\u00e4hen\",\"tasche mit rei\u00dfverschluss einn\u00e4hen\",\"tasche mit rei\u00dfverschluss n\u00e4hen\",\"tasche mit rei\u00dfverschluss n\u00e4hen anf\u00e4nger\",\"tasche mit rei\u00dfverschluss n\u00e4hen anleitung\",\"tasche mit reissverschluss selber n\u00e4hen\",\"tasche mit rei\u00dfverschluss und innenfutter n\u00e4hen\",\"tasche n\u00e4hen\"],\"articleSection\":[\"Back to School\",\"Geschenkidee\",\"Handtasche\",\"Muttertag\",\"N\u00e4hen\",\"Tasche\",\"Wachstuch\"],\"inLanguage\":\"de\",\"potentialAction\":[{\"@type\":\"CommentAction\",\"name\":\"Comment\",\"target\":[\"https:\\\/\\\/cheznu.tv\\\/familymanagement\\\/tasche-mit-reissverschluss-naehen-mit-aussentasche-und-innenfaechern-tasche-luzern\\\/#respond\"]}]},{\"@type\":\"WebPage\",\"@id\":\"https:\\\/\\\/cheznu.tv\\\/familymanagement\\\/tasche-mit-reissverschluss-naehen-mit-aussentasche-und-innenfaechern-tasche-luzern\\\/\",\"url\":\"https:\\\/\\\/cheznu.tv\\\/familymanagement\\\/tasche-mit-reissverschluss-naehen-mit-aussentasche-und-innenfaechern-tasche-luzern\\\/\",\"name\":\"Tasche mit Rei\u00dfverschluss n\u00e4hen | mit Aussentasche und Innenf\u00e4chern | Tasche Luzern - ChezNU.TV\",\"isPartOf\":{\"@id\":\"https:\\\/\\\/cheznu.tv\\\/familymanagement\\\/#website\"},\"primaryImageOfPage\":{\"@id\":\"https:\\\/\\\/cheznu.tv\\\/familymanagement\\\/tasche-mit-reissverschluss-naehen-mit-aussentasche-und-innenfaechern-tasche-luzern\\\/#primaryimage\"},\"image\":{\"@id\":\"https:\\\/\\\/cheznu.tv\\\/familymanagement\\\/tasche-mit-reissverschluss-naehen-mit-aussentasche-und-innenfaechern-tasche-luzern\\\/#primaryimage\"},\"thumbnailUrl\":\"https:\\\/\\\/cheznu.tv\\\/familymanagement\\\/wp-content\\\/uploads\\\/2020\\\/02\\\/Tasche-mit-Rei\u00dfverschluss-n\u00e4hen-mit-Aussentasche-und-Innenf\u00e4chern-Tasche-Luzern-1.jpg\",\"datePublished\":\"2020-03-01T13:00:25+00:00\",\"dateModified\":\"2020-03-01T14:34:07+00:00\",\"author\":{\"@id\":\"https:\\\/\\\/cheznu.tv\\\/familymanagement\\\/#\\\/schema\\\/person\\\/81c90ab0d1b51b5f2eb679026daff10e\"},\"description\":\"Hier zeigen wir Dir, wie wir eine Tasche mit Reissverschluss n\u00e4hen. Wir zeigen Dir den tiefer-gelegten Reissverschluss, die Aussentasche und einiges mehr.\",\"breadcrumb\":{\"@id\":\"https:\\\/\\\/cheznu.tv\\\/familymanagement\\\/tasche-mit-reissverschluss-naehen-mit-aussentasche-und-innenfaechern-tasche-luzern\\\/#breadcrumb\"},\"inLanguage\":\"de\",\"potentialAction\":[{\"@type\":\"ReadAction\",\"target\":[\"https:\\\/\\\/cheznu.tv\\\/familymanagement\\\/tasche-mit-reissverschluss-naehen-mit-aussentasche-und-innenfaechern-tasche-luzern\\\/\"]}]},{\"@type\":\"ImageObject\",\"inLanguage\":\"de\",\"@id\":\"https:\\\/\\\/cheznu.tv\\\/familymanagement\\\/tasche-mit-reissverschluss-naehen-mit-aussentasche-und-innenfaechern-tasche-luzern\\\/#primaryimage\",\"url\":\"https:\\\/\\\/cheznu.tv\\\/familymanagement\\\/wp-content\\\/uploads\\\/2020\\\/02\\\/Tasche-mit-Rei\u00dfverschluss-n\u00e4hen-mit-Aussentasche-und-Innenf\u00e4chern-Tasche-Luzern-1.jpg\",\"contentUrl\":\"https:\\\/\\\/cheznu.tv\\\/familymanagement\\\/wp-content\\\/uploads\\\/2020\\\/02\\\/Tasche-mit-Rei\u00dfverschluss-n\u00e4hen-mit-Aussentasche-und-Innenf\u00e4chern-Tasche-Luzern-1.jpg\",\"width\":1200,\"height\":630,\"caption\":\"Tasche mit Rei\u00dfverschluss n\u00e4hen - mit Aussentasche und Innenf\u00e4chern - Tasche Luzern 1\"},{\"@type\":\"BreadcrumbList\",\"@id\":\"https:\\\/\\\/cheznu.tv\\\/familymanagement\\\/tasche-mit-reissverschluss-naehen-mit-aussentasche-und-innenfaechern-tasche-luzern\\\/#breadcrumb\",\"itemListElement\":[{\"@type\":\"ListItem\",\"position\":1,\"name\":\"Startseite\",\"item\":\"https:\\\/\\\/cheznu.tv\\\/familymanagement\\\/\"},{\"@type\":\"ListItem\",\"position\":2,\"name\":\"Tasche mit Rei\u00dfverschluss n\u00e4hen | mit Aussentasche und Innenf\u00e4chern | Tasche Luzern\"}]},{\"@type\":\"WebSite\",\"@id\":\"https:\\\/\\\/cheznu.tv\\\/familymanagement\\\/#website\",\"url\":\"https:\\\/\\\/cheznu.tv\\\/familymanagement\\\/\",\"name\":\"ChezNU.TV\",\"description\":\"N\u00e4hen | Basteln | Haushalt | Familie\",\"potentialAction\":[{\"@type\":\"SearchAction\",\"target\":{\"@type\":\"EntryPoint\",\"urlTemplate\":\"https:\\\/\\\/cheznu.tv\\\/familymanagement\\\/?s={search_term_string}\"},\"query-input\":{\"@type\":\"PropertyValueSpecification\",\"valueRequired\":true,\"valueName\":\"search_term_string\"}}],\"inLanguage\":\"de\"},{\"@type\":\"Person\",\"@id\":\"https:\\\/\\\/cheznu.tv\\\/familymanagement\\\/#\\\/schema\\\/person\\\/81c90ab0d1b51b5f2eb679026daff10e\",\"name\":\"Ute Schmidt\",\"sameAs\":[\"https:\\\/\\\/cheznu.tv\"],\"url\":\"https:\\\/\\\/cheznu.tv\\\/familymanagement\\\/author\\\/ute\\\/\"}]}<\/script>\n<!-- \/ Yoast SEO plugin. -->","yoast_head_json":{"title":"Tasche mit Rei\u00dfverschluss n\u00e4hen | mit Aussentasche und Innenf\u00e4chern | Tasche Luzern - ChezNU.TV","description":"Hier zeigen wir Dir, wie wir eine Tasche mit Reissverschluss n\u00e4hen. Wir zeigen Dir den tiefer-gelegten Reissverschluss, die Aussentasche und einiges mehr.","robots":{"index":"index","follow":"follow","max-snippet":"max-snippet:-1","max-image-preview":"max-image-preview:large","max-video-preview":"max-video-preview:-1"},"canonical":"https:\/\/cheznu.tv\/familymanagement\/tasche-mit-reissverschluss-naehen-mit-aussentasche-und-innenfaechern-tasche-luzern\/","og_locale":"de_DE","og_type":"article","og_title":"Tasche mit Rei\u00dfverschluss n\u00e4hen | mit Aussentasche und Innenf\u00e4chern | Tasche Luzern - ChezNU.TV","og_description":"Hier zeigen wir Dir, wie wir eine Tasche mit Reissverschluss n\u00e4hen. Wir zeigen Dir den tiefer-gelegten Reissverschluss, die Aussentasche und einiges mehr.","og_url":"https:\/\/cheznu.tv\/familymanagement\/tasche-mit-reissverschluss-naehen-mit-aussentasche-und-innenfaechern-tasche-luzern\/","og_site_name":"ChezNU.TV","article_publisher":"https:\/\/www.facebook.com\/cheznutv\/","article_published_time":"2020-03-01T13:00:25+00:00","article_modified_time":"2020-03-01T14:34:07+00:00","og_image":[{"width":1200,"height":630,"url":"https:\/\/cheznu.tv\/familymanagement\/wp-content\/uploads\/2020\/02\/Tasche-mit-Rei\u00dfverschluss-n\u00e4hen-mit-Aussentasche-und-Innenf\u00e4chern-Tasche-Luzern-1.jpg","type":"image\/jpeg"}],"author":"Ute Schmidt","twitter_card":"summary_large_image","twitter_creator":"@cheznu_family","twitter_site":"@cheznu_family","twitter_misc":{"Verfasst von":"Ute Schmidt","Gesch\u00e4tzte Lesezeit":"53\u00a0Minuten"},"schema":{"@context":"https:\/\/schema.org","@graph":[{"@type":"Article","@id":"https:\/\/cheznu.tv\/familymanagement\/tasche-mit-reissverschluss-naehen-mit-aussentasche-und-innenfaechern-tasche-luzern\/#article","isPartOf":{"@id":"https:\/\/cheznu.tv\/familymanagement\/tasche-mit-reissverschluss-naehen-mit-aussentasche-und-innenfaechern-tasche-luzern\/"},"author":{"name":"Ute Schmidt","@id":"https:\/\/cheznu.tv\/familymanagement\/#\/schema\/person\/81c90ab0d1b51b5f2eb679026daff10e"},"headline":"Tasche mit Rei\u00dfverschluss n\u00e4hen | mit Aussentasche und Innenf\u00e4chern | Tasche Luzern","datePublished":"2020-03-01T13:00:25+00:00","dateModified":"2020-03-01T14:34:07+00:00","mainEntityOfPage":{"@id":"https:\/\/cheznu.tv\/familymanagement\/tasche-mit-reissverschluss-naehen-mit-aussentasche-und-innenfaechern-tasche-luzern\/"},"wordCount":10592,"commentCount":0,"image":{"@id":"https:\/\/cheznu.tv\/familymanagement\/tasche-mit-reissverschluss-naehen-mit-aussentasche-und-innenfaechern-tasche-luzern\/#primaryimage"},"thumbnailUrl":"https:\/\/cheznu.tv\/familymanagement\/wp-content\/uploads\/2020\/02\/Tasche-mit-Rei\u00dfverschluss-n\u00e4hen-mit-Aussentasche-und-Innenf\u00e4chern-Tasche-Luzern-1.jpg","keywords":["n\u00e4hen f\u00fcr anf\u00e4nger","n\u00e4hen lernen","tasche mit innentasche n\u00e4hen","tasche mit rei\u00dfverschluss einn\u00e4hen","tasche mit rei\u00dfverschluss n\u00e4hen","tasche mit rei\u00dfverschluss n\u00e4hen anf\u00e4nger","tasche mit rei\u00dfverschluss n\u00e4hen anleitung","tasche mit reissverschluss selber n\u00e4hen","tasche mit rei\u00dfverschluss und innenfutter n\u00e4hen","tasche n\u00e4hen"],"articleSection":["Back to School","Geschenkidee","Handtasche","Muttertag","N\u00e4hen","Tasche","Wachstuch"],"inLanguage":"de","potentialAction":[{"@type":"CommentAction","name":"Comment","target":["https:\/\/cheznu.tv\/familymanagement\/tasche-mit-reissverschluss-naehen-mit-aussentasche-und-innenfaechern-tasche-luzern\/#respond"]}]},{"@type":"WebPage","@id":"https:\/\/cheznu.tv\/familymanagement\/tasche-mit-reissverschluss-naehen-mit-aussentasche-und-innenfaechern-tasche-luzern\/","url":"https:\/\/cheznu.tv\/familymanagement\/tasche-mit-reissverschluss-naehen-mit-aussentasche-und-innenfaechern-tasche-luzern\/","name":"Tasche mit Rei\u00dfverschluss n\u00e4hen | mit Aussentasche und Innenf\u00e4chern | Tasche Luzern - ChezNU.TV","isPartOf":{"@id":"https:\/\/cheznu.tv\/familymanagement\/#website"},"primaryImageOfPage":{"@id":"https:\/\/cheznu.tv\/familymanagement\/tasche-mit-reissverschluss-naehen-mit-aussentasche-und-innenfaechern-tasche-luzern\/#primaryimage"},"image":{"@id":"https:\/\/cheznu.tv\/familymanagement\/tasche-mit-reissverschluss-naehen-mit-aussentasche-und-innenfaechern-tasche-luzern\/#primaryimage"},"thumbnailUrl":"https:\/\/cheznu.tv\/familymanagement\/wp-content\/uploads\/2020\/02\/Tasche-mit-Rei\u00dfverschluss-n\u00e4hen-mit-Aussentasche-und-Innenf\u00e4chern-Tasche-Luzern-1.jpg","datePublished":"2020-03-01T13:00:25+00:00","dateModified":"2020-03-01T14:34:07+00:00","author":{"@id":"https:\/\/cheznu.tv\/familymanagement\/#\/schema\/person\/81c90ab0d1b51b5f2eb679026daff10e"},"description":"Hier zeigen wir Dir, wie wir eine Tasche mit Reissverschluss n\u00e4hen. Wir zeigen Dir den tiefer-gelegten Reissverschluss, die Aussentasche und einiges mehr.","breadcrumb":{"@id":"https:\/\/cheznu.tv\/familymanagement\/tasche-mit-reissverschluss-naehen-mit-aussentasche-und-innenfaechern-tasche-luzern\/#breadcrumb"},"inLanguage":"de","potentialAction":[{"@type":"ReadAction","target":["https:\/\/cheznu.tv\/familymanagement\/tasche-mit-reissverschluss-naehen-mit-aussentasche-und-innenfaechern-tasche-luzern\/"]}]},{"@type":"ImageObject","inLanguage":"de","@id":"https:\/\/cheznu.tv\/familymanagement\/tasche-mit-reissverschluss-naehen-mit-aussentasche-und-innenfaechern-tasche-luzern\/#primaryimage","url":"https:\/\/cheznu.tv\/familymanagement\/wp-content\/uploads\/2020\/02\/Tasche-mit-Rei\u00dfverschluss-n\u00e4hen-mit-Aussentasche-und-Innenf\u00e4chern-Tasche-Luzern-1.jpg","contentUrl":"https:\/\/cheznu.tv\/familymanagement\/wp-content\/uploads\/2020\/02\/Tasche-mit-Rei\u00dfverschluss-n\u00e4hen-mit-Aussentasche-und-Innenf\u00e4chern-Tasche-Luzern-1.jpg","width":1200,"height":630,"caption":"Tasche mit Rei\u00dfverschluss n\u00e4hen - mit Aussentasche und Innenf\u00e4chern - Tasche Luzern 1"},{"@type":"BreadcrumbList","@id":"https:\/\/cheznu.tv\/familymanagement\/tasche-mit-reissverschluss-naehen-mit-aussentasche-und-innenfaechern-tasche-luzern\/#breadcrumb","itemListElement":[{"@type":"ListItem","position":1,"name":"Startseite","item":"https:\/\/cheznu.tv\/familymanagement\/"},{"@type":"ListItem","position":2,"name":"Tasche mit Rei\u00dfverschluss n\u00e4hen | mit Aussentasche und Innenf\u00e4chern | Tasche Luzern"}]},{"@type":"WebSite","@id":"https:\/\/cheznu.tv\/familymanagement\/#website","url":"https:\/\/cheznu.tv\/familymanagement\/","name":"ChezNU.TV","description":"N\u00e4hen | Basteln | Haushalt | Familie","potentialAction":[{"@type":"SearchAction","target":{"@type":"EntryPoint","urlTemplate":"https:\/\/cheznu.tv\/familymanagement\/?s={search_term_string}"},"query-input":{"@type":"PropertyValueSpecification","valueRequired":true,"valueName":"search_term_string"}}],"inLanguage":"de"},{"@type":"Person","@id":"https:\/\/cheznu.tv\/familymanagement\/#\/schema\/person\/81c90ab0d1b51b5f2eb679026daff10e","name":"Ute Schmidt","sameAs":["https:\/\/cheznu.tv"],"url":"https:\/\/cheznu.tv\/familymanagement\/author\/ute\/"}]}},"_links":{"self":[{"href":"https:\/\/cheznu.tv\/familymanagement\/wp-json\/wp\/v2\/posts\/29365","targetHints":{"allow":["GET"]}}],"collection":[{"href":"https:\/\/cheznu.tv\/familymanagement\/wp-json\/wp\/v2\/posts"}],"about":[{"href":"https:\/\/cheznu.tv\/familymanagement\/wp-json\/wp\/v2\/types\/post"}],"author":[{"embeddable":true,"href":"https:\/\/cheznu.tv\/familymanagement\/wp-json\/wp\/v2\/users\/2"}],"replies":[{"embeddable":true,"href":"https:\/\/cheznu.tv\/familymanagement\/wp-json\/wp\/v2\/comments?post=29365"}],"version-history":[{"count":5,"href":"https:\/\/cheznu.tv\/familymanagement\/wp-json\/wp\/v2\/posts\/29365\/revisions"}],"predecessor-version":[{"id":29478,"href":"https:\/\/cheznu.tv\/familymanagement\/wp-json\/wp\/v2\/posts\/29365\/revisions\/29478"}],"wp:featuredmedia":[{"embeddable":true,"href":"https:\/\/cheznu.tv\/familymanagement\/wp-json\/wp\/v2\/media\/29405"}],"wp:attachment":[{"href":"https:\/\/cheznu.tv\/familymanagement\/wp-json\/wp\/v2\/media?parent=29365"}],"wp:term":[{"taxonomy":"category","embeddable":true,"href":"https:\/\/cheznu.tv\/familymanagement\/wp-json\/wp\/v2\/categories?post=29365"},{"taxonomy":"post_tag","embeddable":true,"href":"https:\/\/cheznu.tv\/familymanagement\/wp-json\/wp\/v2\/tags?post=29365"}],"curies":[{"name":"wp","href":"https:\/\/api.w.org\/{rel}","templated":true}]}}